{"id":97,"date":"2014-09-14T19:42:07","date_gmt":"2014-09-14T22:42:07","guid":{"rendered":"http:\/\/www.zagaia.blog.br\/?p=97"},"modified":"2014-09-14T19:42:07","modified_gmt":"2014-09-14T22:42:07","slug":"dora-kramer-incoerente-e-preconceituosa","status":"publish","type":"post","link":"http:\/\/www.zagaia.blog.br\/?p=97","title":{"rendered":"Dora Kramer: incoerente e preconceituosa"},"content":{"rendered":"<p>A colunista do Estad\u00e3o, Dora Kramer, habitual despejadora de b\u00edlis contra o PT e a candidatura Dilma Roussef, publicou no \u00faltimo dia 11, no Estad\u00e3o, uma coluna com afirma\u00e7\u00f5es particularmente virulentas, acusando o PT de n\u00e3o aceitar o jogo democr\u00e1tico e &#8220;se apegar ao poder&#8221;.<\/p>\n<p><a onclick=\"javascript:pageTracker._trackPageview('\/downloads\/wp-content\/uploads\/2014\/09\/kramer-2.jpg');\"  href=\"https:\/\/i0.wp.com\/www.zagaia.blog.br\/wp-content\/uploads\/2014\/09\/kramer-2.jpg\"><img decoding=\"async\" loading=\"lazy\" class=\"aligncenter size-full wp-image-98\" src=\"https:\/\/i0.wp.com\/www.zagaia.blog.br\/wp-content\/uploads\/2014\/09\/kramer-2.jpg?resize=360%2C172\" alt=\"kramer 2\" width=\"360\" height=\"172\" srcset=\"https:\/\/i0.wp.com\/www.zagaia.blog.br\/wp-content\/uploads\/2014\/09\/kramer-2.jpg?w=360 360w, https:\/\/i0.wp.com\/www.zagaia.blog.br\/wp-content\/uploads\/2014\/09\/kramer-2.jpg?resize=300%2C143 300w\" sizes=\"(max-width: 360px) 100vw, 360px\" data-recalc-dims=\"1\" \/><\/a><\/p>\n<p>Sinceramente, fiquei injuriado. Com que moral vem essa senhora dizer que, para o PT, a altern\u00e2ncia no poder n\u00e3o \u00e9 &#8220;palat\u00e1vel&#8221;.<\/p>\n<p>Pesquisei na Internet para ver se a senhora Dora Kramer teve atitude coerente com esse seu nojo em outras ocasi\u00f5es. Particularmente quando o &#8220;trator&#8221; S\u00e9rgio Motta afirmou que o projeto tucano era &#8220;ficar vinte anos no poder&#8221;.<\/p>\n<p>Como diz o ditado, n\u00e3o achei neca de pitibiribas. Sendo assim, enviei hoje um e-mail para a colunista.<\/p>\n<p><a onclick=\"javascript:pageTracker._trackPageview('\/downloads\/wp-content\/uploads\/2014\/09\/kramer.jpg');\"  href=\"https:\/\/i0.wp.com\/www.zagaia.blog.br\/wp-content\/uploads\/2014\/09\/kramer.jpg\"><img decoding=\"async\" loading=\"lazy\" class=\"aligncenter size-full wp-image-99\" src=\"https:\/\/i0.wp.com\/www.zagaia.blog.br\/wp-content\/uploads\/2014\/09\/kramer.jpg?resize=640%2C327\" alt=\"kramer\" width=\"640\" height=\"327\" srcset=\"https:\/\/i0.wp.com\/www.zagaia.blog.br\/wp-content\/uploads\/2014\/09\/kramer.jpg?w=1117 1117w, https:\/\/i0.wp.com\/www.zagaia.blog.br\/wp-content\/uploads\/2014\/09\/kramer.jpg?resize=300%2C153 300w, https:\/\/i0.wp.com\/www.zagaia.blog.br\/wp-content\/uploads\/2014\/09\/kramer.jpg?resize=1024%2C523 1024w, https:\/\/i0.wp.com\/www.zagaia.blog.br\/wp-content\/uploads\/2014\/09\/kramer.jpg?resize=500%2C255 500w\" sizes=\"(max-width: 640px) 100vw, 640px\" data-recalc-dims=\"1\" \/><\/a>O texto completo do e-mail enviado est\u00e1 aqui:<\/p>\n<p>&nbsp;<\/p>\n<p><em>Prezada Senhora<\/em><\/p>\n<p><em>\u00a0Sou leitor atento e ass\u00edduo de sua coluna. Nem tanto pelo conte\u00fado, do qual quase sempre discordo, mas pelo fato da senhora escrever muito bem.<\/em><\/p>\n<p><em>Na coluna do dia 11 de setembro \u00faltimo, no Estad\u00e3o, a senhora escreveu um observa\u00e7\u00e3o contra o PT que me deixou pasmo, pelo que revela de preconceito e incoer\u00eancia.\u00a0 Diz que \u201ca altern\u00e2ncia do poder n\u00e3o lhes parece palat\u00e1vel [ao PT]\u201d.<\/em><\/p>\n<p><em>Realmente \u00e9 dif\u00edcil entender de onde vem tal conclus\u00e3o. Em primeiro lugar, porque nenhum \u2013 repito, nenhum \u2013 partido pol\u00edtico cede voluntariamente o poder conquistado pelo voto. O PT j\u00e1 tem mais de trinta anos de exist\u00eancia, perdeu v\u00e1rias elei\u00e7\u00f5es para a presid\u00eancia, ganhou tr\u00eas, at\u00e9 agora. Em v\u00e1rios estados e munic\u00edpios, ganhou e perdeu elei\u00e7\u00f5es e entregou normalmente o cargo aos sucessores. Seria algo in\u00e9dito no mundo \u2013 nunca na hist\u00f3ria mundial, poderia dizer o Lula \u2013 se o PT declarasse que estava satisfeito com tr\u00eas mandatos e que iria ceder o poder \u00e0 oposi\u00e7\u00e3o. Quem decide isso s\u00e3o os eleitores.<\/em><\/p>\n<p><em>E, note-se, o PT jamais divulgou nem oficialmente nem por nenhum de seus filiados, algo como o que foi dito pelo falecido Ministro S\u00e9rgio Motta, e seu projeto de que o PSDB deveria ficar pelo menos vinte anos no poder. Procurei bastante, usando os mecanismos de busca da Internet, e n\u00e3o encontrei nenhuma refer\u00eancia a qualquer observa\u00e7\u00e3o de sua parte a respeito do car\u00e1ter profundamente autorit\u00e1rio dessa pretens\u00e3o do falecido ministro. Que, ali\u00e1s, se revelou um p\u00e9ssimo vidente. Pelo contr\u00e1rio, tudo que consegui achar a respeito do famoso Serj\u00e3o, escrito pela senhora, s\u00e3o elogios \u00e0 capacidade de articula\u00e7\u00e3o e de como ele conseguia manter o tucanato unido com sua capacidade de \u201ctratorar\u201d os advers\u00e1rios internos e externos.<\/em><\/p>\n<p><em>A declara\u00e7\u00e3o do falecido ministro, ali\u00e1s, se deu no contexto que se seguiu \u00e0 aprova\u00e7\u00e3o da emenda da reelei\u00e7\u00e3o, quando recepcionou na sede do PSDB em Bras\u00edlia um senador que se filiava ao partido.<\/em><\/p>\n<p><em>Reelei\u00e7\u00e3o, ali\u00e1s, conseguida com a compra de votos e com a trucul\u00eancia verbal e operacional n\u00e3o apenas do S\u00e9rgio Motta, como tamb\u00e9m da coorte parlamentar fernandista. S\u00e9rgio Motta deu a declara\u00e7\u00e3o no contexto de uma disputa com os antigos aliados dos tucanos no governo, o falecido PFL, cujos remanescentes se abrigam hoje no DEM, hoje a caminho da extin\u00e7\u00e3o.<\/em><\/p>\n<p><em>E \u00e9 bom recordar que o PT, em suas inst\u00e2ncias diretivas, recusou a apoiar o canto da sereia de alguns de seus militantes que pediam outra reforma constitucional, que possibilitasse o presidente Lula disputar mais um mandato. Emenda que poderia ser aprovada, certamente, sem apelos \u00e0 sanha monet\u00e1ria de parlamentares, diante da imensa popularidade que ele dispunha naquele momento. O PT recusou os truques e prestigidita\u00e7\u00f5es para o tal terceiro mandato. Lan\u00e7ou candidata e ganhou mais uma vez as elei\u00e7\u00f5es<\/em><\/p>\n<p><em>O que me fez recordar, falando de m\u00e9todos para ganhar elei\u00e7\u00f5es, da a\u00e7\u00e3o da PF contra a candidatura da Roseana Sarney. Como diz o Mino Carta, at\u00e9 o reino mineral sabe que por detr\u00e1s disso estava a candidatura do Serra \u00e0 presid\u00eancia, quando finalmente o Lula se elegeu presidente. O ent\u00e3o senador-candidato manipulou e usou o aparato do Estado para alcan\u00e7ar seus prop\u00f3sitos partid\u00e1rios e particulares.<\/em><\/p>\n<p><em>Infelizmente, senhora colunista, o sistema pol\u00edtico brasileiro e suas imperfei\u00e7\u00f5es institucionais permitia esse tipo de a\u00e7\u00e3o. E a presen\u00e7a de gente de todos os partidos dentre os funcion\u00e1rios da PF at\u00e9 hoje permite os vazamentos selecionados de informa\u00e7\u00f5es, principalmente \u00e0s v\u00e9speras das elei\u00e7\u00f5es.<\/em><\/p>\n<p><em>As respostas do PT \u00e0s propostas da senhora Marina Silva decorrem das declara\u00e7\u00f5es que ela faz, das atitudes que toma, das vacila\u00e7\u00f5es que expressa. E que simplesmente abrem margem para que o PT, a candidata presidenta Dilma Roussef e demais militantes contraponham as propostas do partido \u00e0 volubilidade de biruta de aeroporto da candidata que se diz bafejada pela Provid\u00eancia Divina.<\/em><\/p>\n<p><em>Um pouco mais de coer\u00eancia em suas opini\u00f5es, senhora colunista, s\u00f3 pode refor\u00e7ar sua credibilidade.<\/em><\/p>\n<p><em>Atenciosamente<\/em><\/p>\n<p><em>Felipe Lindoso<\/em><\/p>\n<p>&nbsp;<\/p>\n","protected":false},"excerpt":{"rendered":"<p>A colunista do Estad\u00e3o, Dora Kramer, habitual despejadora de b\u00edlis contra o PT e a candidatura Dilma Roussef, publicou no \u00faltimo dia 11, no Estad\u00e3o, uma coluna com afirma\u00e7\u00f5es particularmente virulentas, acusando o PT de n\u00e3o aceitar o jogo democr\u00e1tico &hellip; <a href=\"http:\/\/www.zagaia.blog.br\/?p=97\">Continue lendo <span class=\"meta-nav\">&rarr;<\/span><\/a><\/p>\n","protected":false},"author":1,"featured_media":0,"comment_status":"open","ping_status":"open","sticky":false,"template":"","format":"standard","meta":{"jetpack_post_was_ever_published":false},"categories":[1],"tags":[47,44,48,46,45],"jetpack_featured_media_url":"","jetpack_shortlink":"https:\/\/wp.me\/p4Lc9A-1z","_links":{"self":[{"href":"http:\/\/www.zagaia.blog.br\/index.php?rest_route=\/wp\/v2\/posts\/97"}],"collection":[{"href":"http:\/\/www.zagaia.blog.br\/index.php?rest_route=\/wp\/v2\/posts"}],"about":[{"href":"http:\/\/www.zagaia.blog.br\/index.php?rest_route=\/wp\/v2\/types\/post"}],"author":[{"embeddable":true,"href":"http:\/\/www.zagaia.blog.br\/index.php?rest_route=\/wp\/v2\/users\/1"}],"replies":[{"embeddable":true,"href":"http:\/\/www.zagaia.blog.br\/index.php?rest_route=%2Fwp%2Fv2%2Fcomments&post=97"}],"version-history":[{"count":1,"href":"http:\/\/www.zagaia.blog.br\/index.php?rest_route=\/wp\/v2\/posts\/97\/revisions"}],"predecessor-version":[{"id":100,"href":"http:\/\/www.zagaia.blog.br\/index.php?rest_route=\/wp\/v2\/posts\/97\/revisions\/100"}],"wp:attachment":[{"href":"http:\/\/www.zagaia.blog.br\/index.php?rest_route=%2Fwp%2Fv2%2Fmedia&parent=97"}],"wp:term":[{"taxonomy":"category","embeddable":true,"href":"http:\/\/www.zagaia.blog.br\/index.php?rest_route=%2Fwp%2Fv2%2Fcategories&post=97"},{"taxonomy":"post_tag","embeddable":true,"href":"http:\/\/www.zagaia.blog.br\/index.php?rest_route=%2Fwp%2Fv2%2Ftags&post=97"}],"curies":[{"name":"wp","href":"https:\/\/api.w.org\/{rel}","templated":true}]}}