{"id":884,"date":"2019-12-06T14:01:21","date_gmt":"2019-12-06T17:01:21","guid":{"rendered":"http:\/\/www.zagaia.blog.br\/?p=884"},"modified":"2019-12-06T14:08:47","modified_gmt":"2019-12-06T17:08:47","slug":"um-fantasma-ronda-o-acampamento-esta-virando-filme","status":"publish","type":"post","link":"http:\/\/www.zagaia.blog.br\/?p=884","title":{"rendered":"\u201cUM FANTASMA RONDA O ACAMPAMENTO\u201d EST\u00c1 VIRANDO V\u00cdDEO"},"content":{"rendered":"\n<figure class=\"wp-block-image size-medium\"><img decoding=\"async\" loading=\"lazy\" width=\"209\" height=\"300\" src=\"https:\/\/i0.wp.com\/www.zagaia.blog.br\/wp-content\/uploads\/2019\/12\/Um-Fantasma-Ronda.jpg?resize=209%2C300\" alt=\"\" class=\"wp-image-885\" srcset=\"https:\/\/i0.wp.com\/www.zagaia.blog.br\/wp-content\/uploads\/2019\/12\/Um-Fantasma-Ronda.jpg?resize=209%2C300 209w, https:\/\/i0.wp.com\/www.zagaia.blog.br\/wp-content\/uploads\/2019\/12\/Um-Fantasma-Ronda.jpg?w=654 654w\" sizes=\"(max-width: 209px) 100vw, 209px\" data-recalc-dims=\"1\" \/><\/figure>\n\n\n\n<p>Em 2005, a <a onclick=\"javascript:pageTracker._trackPageview('\/outgoing\/www.expressaopopular.com.br\/loja\/');\" rel=\"noreferrer noopener\" aria-label=\"Editora Express\u00e3o Popular (abre numa nova aba)\"  href=\"https:\/\/www.expressaopopular.com.br\/loja\/\" target=\"_blank\">Editora Express\u00e3o Popular<\/a> organizou algumas reuni\u00f5es com autores e ilustradores para desenvolver o projeto de cria\u00e7\u00e3o de uma cole\u00e7\u00e3o de livros de literatura, alguns voltados para os jovens alunos da&nbsp; grande rede de escolas p\u00fablicas que funciona nos acampamentos e assentamentos do MST.<\/p>\n\n\n\n<p>Esse aspecto da a\u00e7\u00e3o do MST \u00e9 pouco conhecido e merece ser amplamente divulgado. S\u00e3o cerca de 2.000 escolas p\u00fablicas, 200.000 assentados com acesso a diferentes n\u00edveis de educa\u00e7\u00e3o, desde a fundamental at\u00e9 cursos de gradua\u00e7\u00e3o e p\u00f3s-gradua\u00e7\u00e3o, oferecidos com universidades parceiras, inclusive internacionais. Os cursos de Medicina, oferecidos em Universidades cubanas e venezuelanas (sim, a devastada Venezuela, t\u00e3o duramente execrada pelos jornal\u00f5es oferece bolsas de estudo para jovens brasileiros) s\u00e3o conhecidos, e os m\u00e9dicos atuam em a\u00e7\u00f5es de sa\u00fade e preven\u00e7\u00e3o em dezenas de acampamento e assentamentos. Conhe\u00e7a algumas dessas a\u00e7\u00f5es <a onclick=\"javascript:pageTracker._trackPageview('\/outgoing\/mst.org.br\/educacao\/');\"  href=\"https:\/\/mst.org.br\/educacao\/\" target=\"_blank\" rel=\"noreferrer noopener\" aria-label=\" (abre numa nova aba)\">aqui<\/a>.<\/p>\n\n\n\n<p> O primeiro dos livros que nascidos dessa iniciativa foi \u201cUm Fantasma Ronda o Acampamento\u201d, <a onclick=\"javascript:pageTracker._trackPageview('\/outgoing\/www.expressaopopular.com.br\/loja\/produto\/um-fantasma-ronda-o-acampamento\/');\"  href=\"https:\/\/www.expressaopopular.com.br\/loja\/produto\/um-fantasma-ronda-o-acampamento\/\">(<\/a>veja na l<a onclick=\"javascript:pageTracker._trackPageview('\/outgoing\/www.expressaopopular.com.br\/loja\/produto\/um-fantasma-ronda-o-acampamento\/');\" rel=\"noreferrer noopener\" aria-label=\"oja (abre numa nova aba)\"  href=\"https:\/\/www.expressaopopular.com.br\/loja\/produto\/um-fantasma-ronda-o-acampamento\/\" target=\"_blank\">oja<\/a> da Express\u00e3o Popular) da <a onclick=\"javascript:pageTracker._trackPageview('\/outgoing\/mariajosesilveira.wordpress.com');\"  href=\"https:\/\/mariajosesilveira.wordpress.com\" target=\"_blank\" rel=\"noreferrer noopener\" aria-label=\" (abre numa nova aba)\">Maria Jos\u00e9 Silveira<\/a>  e ilustrado pelo arquiteto e ilustrador <a onclick=\"javascript:pageTracker._trackPageview('\/outgoing\/www.facebook.com\/marcos.cartum');\" rel=\"noreferrer noopener\" aria-label=\"Marcos Cartum (abre numa nova aba)\"  href=\"https:\/\/www.facebook.com\/marcos.cartum\" target=\"_blank\">Marcos Cartum<\/a>. <\/p>\n\n\n\n<figure class=\"wp-block-image size-large\"><img decoding=\"async\" loading=\"lazy\" width=\"1040\" height=\"660\" src=\"https:\/\/i2.wp.com\/www.zagaia.blog.br\/wp-content\/uploads\/2019\/12\/ENFF.jpg?fit=640%2C406\" alt=\"\" class=\"wp-image-890\" srcset=\"https:\/\/i0.wp.com\/www.zagaia.blog.br\/wp-content\/uploads\/2019\/12\/ENFF.jpg?w=1040 1040w, https:\/\/i0.wp.com\/www.zagaia.blog.br\/wp-content\/uploads\/2019\/12\/ENFF.jpg?resize=300%2C190 300w, https:\/\/i0.wp.com\/www.zagaia.blog.br\/wp-content\/uploads\/2019\/12\/ENFF.jpg?resize=1024%2C650 1024w, https:\/\/i0.wp.com\/www.zagaia.blog.br\/wp-content\/uploads\/2019\/12\/ENFF.jpg?resize=768%2C487 768w\" sizes=\"(max-width: 640px) 100vw, 640px\" \/><figcaption>Escola Nacional Florestan Fernandes, do MST, em Guararema, SP.<\/figcaption><\/figure>\n\n\n\n<p>Publicado em 2006 e destinado ao p\u00fablico pr\u00e9-adolescente, j\u00e1 com capacidade de leitura desenvolvida, o livro aproveita as ideias de aventura e terror para mostrar como jovens \u201cSem-Terrinhas\u201d descobrem a trama de um fazendeiro e seus capangas para assustar e&nbsp; fazer debandar um acampamento de sem terras rec\u00e9m instalado. Como diz a Fanny Abramovich na apresenta\u00e7\u00e3o do livro \u201cs\u00e3o as tr\u00eas crian\u00e7as que descobrem o atr\u00e1s do apavorante\u201d. E, divertindo-se junto com os adultos, d\u00e3o o troco na mesma moeda e colocam os fac\u00ednoras para correr.<\/p>\n\n\n\n<p>No \u00faltimo dia 5 de dezembro, Maria Jos\u00e9 Silveira foi convidada para ir at\u00e9 a Escola Nacional Florestan Fernandes, em Guararema, S\u00e3o Paulo, para conversar com as crian\u00e7as da Ciranda Infantil Saci Perer\u00ea e conhecer o projeto que est\u00e3o desenvolvendo, junto com a Brigada AudioVisual do MST: transformar \u201cUm Fantasma Ronda o Acampamento\u201d em v\u00eddeo.<\/p>\n\n\n\n<p>Foi uma maravilha e uma experi\u00eancia muito gratificante.<\/p>\n\n\n\n<p>A Ciranda Infantil Saci Perer\u00ea est\u00e1 instalada na ENFF para proporcionar educa\u00e7\u00e3o complementar para os filhos dos Brigadistas que trabalham permanentemente no local, assim como o de participantes de cursos, encontros e outras atividades que l\u00e1 se realizam. \u201cN\u00e3o podemos deixar que as m\u00e3es e os pais tenham que deixar os filhos sem cuidados, ou deixar de participar das atividades para cuidar das crian\u00e7as. Assim, as Cirandas fazem parte tanto das escolas como dos centros de forma\u00e7\u00e3o do MST por todo o pa\u00eds\u201d, informa Vanessa Souza, uma das educadoras da Ciranda da ENFF.<\/p>\n\n\n\n<figure class=\"wp-block-image size-large\"><img decoding=\"async\" loading=\"lazy\" width=\"1632\" height=\"1224\" src=\"https:\/\/i1.wp.com\/www.zagaia.blog.br\/wp-content\/uploads\/2019\/12\/maria-jos\u00e9-ennf-2a-rotated.jpg?fit=640%2C480\" alt=\"\" class=\"wp-image-894\" srcset=\"https:\/\/i0.wp.com\/www.zagaia.blog.br\/wp-content\/uploads\/2019\/12\/maria-jos\u00e9-ennf-2a-rotated.jpg?w=1632 1632w, https:\/\/i0.wp.com\/www.zagaia.blog.br\/wp-content\/uploads\/2019\/12\/maria-jos\u00e9-ennf-2a-rotated.jpg?resize=300%2C225 300w, https:\/\/i0.wp.com\/www.zagaia.blog.br\/wp-content\/uploads\/2019\/12\/maria-jos\u00e9-ennf-2a-rotated.jpg?resize=1024%2C768 1024w, https:\/\/i0.wp.com\/www.zagaia.blog.br\/wp-content\/uploads\/2019\/12\/maria-jos\u00e9-ennf-2a-rotated.jpg?resize=768%2C576 768w, https:\/\/i0.wp.com\/www.zagaia.blog.br\/wp-content\/uploads\/2019\/12\/maria-jos\u00e9-ennf-2a-rotated.jpg?resize=1536%2C1152 1536w, https:\/\/i0.wp.com\/www.zagaia.blog.br\/wp-content\/uploads\/2019\/12\/maria-jos\u00e9-ennf-2a-rotated.jpg?w=1280 1280w\" sizes=\"(max-width: 640px) 100vw, 640px\" \/><figcaption>Maria Jos\u00e9 na Ciranda Saci Perer\u00ea, na ENFF<\/figcaption><\/figure>\n\n\n\n<p>O projeto de produzir o v\u00eddeo surgiu da iniciativa de R\u00e9vero\nRibeiro, que coordena as atividades de teatro da Escola. \u201cPensamos primeiro em\nfazer uma adapta\u00e7\u00e3o teatral do livro, que as crian\u00e7as adoram. Mas isso evoluiu\npara fazermos o v\u00eddeo, e a ideia foi aprovada pela coordena\u00e7\u00e3o e, com o apoio\nda Brigada AudioVisual, iniciamos a produ\u00e7\u00e3o.\u201d<\/p>\n\n\n\n<p>As crian\u00e7as aderiram com entusiasmo, decidindo quem\ninterpretaria os diferentes personagens, preparando as caracteriza\u00e7\u00f5es. A \u00fanica\ndificuldade foi achar uma barba para quem faria o papel do Velho, um provocador\ninfiltrado no acampamento. \u201cFoi a \u00fanica coisa que compramos\u201d, informa R\u00e9vero. \u201cTodo\no resto foi produzido aqui mesmo. A barraca da \u201ccoordena\u00e7\u00e3o\u201d do acampamento foi\nbatizada com um cartaz: Ocupa\u00e7\u00e3o Gl\u00e1uber Rocha\u201d.<\/p>\n\n\n\n<p>\u201cTamb\u00e9m escolhemos as loca\u00e7\u00f5es aqui dentro da \u00e1rea da ENFF e\nas crian\u00e7as mobilizaram os pais para as cenas com adultos e para acompanh\u00e1-los\nnas grava\u00e7\u00f5es noturnas\u201d.<\/p>\n\n\n\n<p>A Brigada AudioVisual, que produz materiais para a ENFF e\npara o MST em geral, est\u00e1 empenhada em fazer um trabalho com o m\u00e1ximo de\nprofissionalismo. O v\u00eddeo est\u00e1 sendo mixado, com corre\u00e7\u00e3o de cores, uso de\nmateriais filmados em outras Ocupa\u00e7\u00f5es para complementar cenas, e a montagem\nfinal est\u00e1 em curso.<\/p>\n\n\n\n<p>\u201cPens\u00e1vamos que o v\u00eddeo iria durar uns quinze minutos, mas\nacho que vai dar mais de vinte\u201d, comenta R\u00e9vero. \u201cE acredit\u00e1vamos que j\u00e1\nestaria pronto, mas \u00e9 uma trabalheira&#8230;.\u201d<\/p>\n\n\n\n<p>A previs\u00e3o \u00e9 que o v\u00eddeo estreie na reuni\u00e3o da Coordena\u00e7\u00e3o\nNacional do MST, em janeiro, e a partir da\u00ed entre em exibi\u00e7\u00e3o nos equipamentos\naudiovisuais de assentamentos, ocupa\u00e7\u00f5es e outros centros de forma\u00e7\u00e3o do MST.<\/p>\n\n\n\n<p>Na visita \u00e0 escola, assistimos a proje\u00e7\u00e3o de um pequeno\ntrecho (4 minutos), com duas sequ\u00eancias, extra\u00eddos do material bruto (sem\nfinaliza\u00e7\u00e3o ou edi\u00e7\u00e3o).<\/p>\n\n\n\n<p>Comenta a autora do livro, em sua p\u00e1gina do FB: \u201cAs crian\u00e7as\nque t\u00eam entre 8\/dez anos deram vida aos personagens principais, a Brigada do\nAudioVisual da Escola filmou e agora o v\u00eddeo est\u00e1 sendo montado. Tem coisa mais\nbacana? Assisti a uma pequena cena, vivida pelos dois \u201catores\u201d principais, e\noutra ao redor da fogueira, com um grupo da milit\u00e2ncia, encenando outra cena do\nlivro. Fiquei emocionada. Eu que n\u00e3o sou de chorar, acho que vou chorar no dia\nda estreia.\u201d<\/p>\n\n\n\n<p>Acho que eu tamb\u00e9m.<\/p>\n","protected":false},"excerpt":{"rendered":"<p>Em 2005, a Editora Express\u00e3o Popular organizou algumas reuni\u00f5es com autores e ilustradores para desenvolver o projeto de cria\u00e7\u00e3o de uma cole\u00e7\u00e3o de livros de literatura, alguns voltados para os jovens alunos da&nbsp; grande rede de escolas p\u00fablicas que funciona &hellip; <a href=\"http:\/\/www.zagaia.blog.br\/?p=884\">Continue lendo <span class=\"meta-nav\">&rarr;<\/span><\/a><\/p>\n","protected":false},"author":1,"featured_media":885,"comment_status":"open","ping_status":"open","sticky":false,"template":"","format":"standard","meta":{"jetpack_post_was_ever_published":false},"categories":[1],"tags":[373,372,192,371,374],"jetpack_featured_media_url":"https:\/\/i0.wp.com\/www.zagaia.blog.br\/wp-content\/uploads\/2019\/12\/Um-Fantasma-Ronda.jpg?fit=654%2C940","jetpack_shortlink":"https:\/\/wp.me\/p4Lc9A-eg","_links":{"self":[{"href":"http:\/\/www.zagaia.blog.br\/index.php?rest_route=\/wp\/v2\/posts\/884"}],"collection":[{"href":"http:\/\/www.zagaia.blog.br\/index.php?rest_route=\/wp\/v2\/posts"}],"about":[{"href":"http:\/\/www.zagaia.blog.br\/index.php?rest_route=\/wp\/v2\/types\/post"}],"author":[{"embeddable":true,"href":"http:\/\/www.zagaia.blog.br\/index.php?rest_route=\/wp\/v2\/users\/1"}],"replies":[{"embeddable":true,"href":"http:\/\/www.zagaia.blog.br\/index.php?rest_route=%2Fwp%2Fv2%2Fcomments&post=884"}],"version-history":[{"count":5,"href":"http:\/\/www.zagaia.blog.br\/index.php?rest_route=\/wp\/v2\/posts\/884\/revisions"}],"predecessor-version":[{"id":897,"href":"http:\/\/www.zagaia.blog.br\/index.php?rest_route=\/wp\/v2\/posts\/884\/revisions\/897"}],"wp:featuredmedia":[{"embeddable":true,"href":"http:\/\/www.zagaia.blog.br\/index.php?rest_route=\/wp\/v2\/media\/885"}],"wp:attachment":[{"href":"http:\/\/www.zagaia.blog.br\/index.php?rest_route=%2Fwp%2Fv2%2Fmedia&parent=884"}],"wp:term":[{"taxonomy":"category","embeddable":true,"href":"http:\/\/www.zagaia.blog.br\/index.php?rest_route=%2Fwp%2Fv2%2Fcategories&post=884"},{"taxonomy":"post_tag","embeddable":true,"href":"http:\/\/www.zagaia.blog.br\/index.php?rest_route=%2Fwp%2Fv2%2Ftags&post=884"}],"curies":[{"name":"wp","href":"https:\/\/api.w.org\/{rel}","templated":true}]}}