{"id":86,"date":"2014-09-12T23:53:54","date_gmt":"2014-09-13T02:53:54","guid":{"rendered":"http:\/\/www.zagaia.blog.br\/?p=86"},"modified":"2014-09-12T23:53:54","modified_gmt":"2014-09-13T02:53:54","slug":"politica-de-inclusao-do-mec-aumenta-a-presenca-de-cegos-na-graduacao","status":"publish","type":"post","link":"http:\/\/www.zagaia.blog.br\/?p=86","title":{"rendered":"POL\u00cdTICA DE INCLUS\u00c3O DO MEC AUMENTA A PRESEN\u00c7A DE CEGOS NA GRADUA\u00c7\u00c3O"},"content":{"rendered":"<p>Todos sabemos \u2013 ou pelo menos ouvimos falar \u2013 das imensas dificuldades que os deficientes visuais t\u00eam que vencer para obter uma educa\u00e7\u00e3o superior. Anos atr\u00e1s, para os cegos era uma verdadeira fa\u00e7anha conseguir fazer uma universidade e se graduar. A pr\u00f3pria D. Dorina Nowill \u00e9 um desses grandes exemplos de determina\u00e7\u00e3o para conseguir alcan\u00e7ar e frequentar uma institui\u00e7\u00e3o de ensino superior.<\/p>\n<p><a href=\"http:\/\/www.zagaia.blog.br\/wp-content\/uploads\/2014\/09\/daisy.jpe\"><img decoding=\"async\" loading=\"lazy\" class=\"alignleft size-full wp-image-88\" src=\"http:\/\/www.zagaia.blog.br\/wp-content\/uploads\/2014\/09\/daisy.jpe\" alt=\"daisy\" width=\"284\" height=\"178\" \/><\/a><\/p>\n<p>Esta semana conversei longamente com Pedro Milliet, que \u00e9 o principal respons\u00e1vel pelo desenvolvimento da inform\u00e1tica da Funda\u00e7\u00e3o Dorina Nowill, dedicada \u00e0 inclus\u00e3o dos deficientes visuais, e que recentemente lan\u00e7ou um aplicativo para tablets da sua vers\u00e3o do programa Daisy, instrumento que permite aos cegos \u201cler\u201d textos bastante complexos.<\/p>\n<p>Logo escreverei um ou dois posts sobre v\u00e1rios pontos que Pedro Milliet apontou em nossa conversa, n\u00e3o apenas sobre o Daisy, como sobre o Acordo de Marrakesh, que complementa a Conven\u00e7\u00e3o de Berna sobre direitos autorais, no blog <a onclick=\"javascript:pageTracker._trackPageview('\/outgoing\/www.oxisdoproblema.com.br');\"  href=\"http:\/\/www.oxisdoproblema.com.br\">www.oxisdoproblema.com.br<\/a>.<\/p>\n<p>O Daisy, para os que n\u00e3o sabem, \u00e9 um protocolo que transforma textos em voz e permite v\u00e1rios comandos dos usu\u00e1rios (marcar, situar o texto, copiar, comentar, etc.). Ou seja, n\u00e3o \u00e9 apenas um \u201caudiolivro\u201d, e sim um complexo programa para uso dos cegos, disl\u00e9xicos (eu n\u00e3o sabia disso) e mesmo de quem tem defici\u00eancia visual grave, mas n\u00e3o \u00e9 totalmente cego.<\/p>\n<p>Aqui quero apenas salientar uma informa\u00e7\u00e3o que saiu na conversa.<\/p>\n<p>O Pedro Milliet disse, no meio da conversa, que a pol\u00edtica do MEC de exigir dos editores vers\u00f5es em Daisy dos livros did\u00e1ticos do PNLD \u2013 Programa Nacional do Livro Did\u00e1ticos (que atende ao ensino fundamental), e que foi estendido ao Ensino M\u00e9dio, resultou em um aumento da gradua\u00e7\u00e3o de cegos no ensino m\u00e9dio, e que estes est\u00e3o entrando em maior n\u00famero na educa\u00e7\u00e3o superior.<\/p>\n<p>&#8211; Vamos ter que lidar com as quest\u00f5es do livro universit\u00e1rio brevemente, e de modo sistem\u00e1tico \u2013 disse Milliet.<\/p>\n<p>Claro, tudo culpa dos programas de inclus\u00e3o dos deficientes aplicados pelos governos Lula e Dilma. Parte do programa do PT, sempre atento \u00e0s quest\u00f5es de inclus\u00e3o social \u2013 e n\u00e3o apenas econ\u00f4mica.<\/p>\n","protected":false},"excerpt":{"rendered":"<p>Todos sabemos \u2013 ou pelo menos ouvimos falar \u2013 das imensas dificuldades que os deficientes visuais t\u00eam que vencer para obter uma educa\u00e7\u00e3o superior. Anos atr\u00e1s, para os cegos era uma verdadeira fa\u00e7anha conseguir fazer uma universidade e se graduar. &hellip; <a href=\"http:\/\/www.zagaia.blog.br\/?p=86\">Continue lendo <span class=\"meta-nav\">&rarr;<\/span><\/a><\/p>\n","protected":false},"author":1,"featured_media":0,"comment_status":"open","ping_status":"open","sticky":false,"template":"","format":"standard","meta":{"jetpack_post_was_ever_published":false},"categories":[1],"tags":[40,41,42,39],"jetpack_featured_media_url":"","jetpack_shortlink":"https:\/\/wp.me\/p4Lc9A-1o","_links":{"self":[{"href":"http:\/\/www.zagaia.blog.br\/index.php?rest_route=\/wp\/v2\/posts\/86"}],"collection":[{"href":"http:\/\/www.zagaia.blog.br\/index.php?rest_route=\/wp\/v2\/posts"}],"about":[{"href":"http:\/\/www.zagaia.blog.br\/index.php?rest_route=\/wp\/v2\/types\/post"}],"author":[{"embeddable":true,"href":"http:\/\/www.zagaia.blog.br\/index.php?rest_route=\/wp\/v2\/users\/1"}],"replies":[{"embeddable":true,"href":"http:\/\/www.zagaia.blog.br\/index.php?rest_route=%2Fwp%2Fv2%2Fcomments&post=86"}],"version-history":[{"count":2,"href":"http:\/\/www.zagaia.blog.br\/index.php?rest_route=\/wp\/v2\/posts\/86\/revisions"}],"predecessor-version":[{"id":89,"href":"http:\/\/www.zagaia.blog.br\/index.php?rest_route=\/wp\/v2\/posts\/86\/revisions\/89"}],"wp:attachment":[{"href":"http:\/\/www.zagaia.blog.br\/index.php?rest_route=%2Fwp%2Fv2%2Fmedia&parent=86"}],"wp:term":[{"taxonomy":"category","embeddable":true,"href":"http:\/\/www.zagaia.blog.br\/index.php?rest_route=%2Fwp%2Fv2%2Fcategories&post=86"},{"taxonomy":"post_tag","embeddable":true,"href":"http:\/\/www.zagaia.blog.br\/index.php?rest_route=%2Fwp%2Fv2%2Ftags&post=86"}],"curies":[{"name":"wp","href":"https:\/\/api.w.org\/{rel}","templated":true}]}}