{"id":8,"date":"2014-06-24T21:37:47","date_gmt":"2014-06-24T21:37:47","guid":{"rendered":"http:\/\/www.zagaia.blog.br\/?p=8"},"modified":"2014-06-24T21:48:14","modified_gmt":"2014-06-24T21:48:14","slug":"um-blog-sobre-tudo","status":"publish","type":"post","link":"http:\/\/www.zagaia.blog.br\/?p=8","title":{"rendered":"Um Blog Sobre Tudo"},"content":{"rendered":"<p>A Zagaia (ou azagaia, como queiram), \u00e9 uma arma curta de arremesso que alguns grupos ind\u00edgenas do mundo inteiro usam, inclusive na Amaz\u00f4nia. L\u00e1, mais que para a guerra \u00e9 usada para fisgar os grandes peixes.<\/p>\n<p>\u00c9 um instrumento usado para proporcionar nutri\u00e7\u00e3o, antes de mais nada.<\/p>\n<p>Neste caso, para fisgar reflex\u00f5es. Sobre pol\u00edtica, sobre cultura, sobre os movimentos sociais, sobre o Brasil, enfim.<\/p>\n<p>A partir de um ponto de vista de esquerda. Sem sectarismo, mas com firmeza. Eventualmente sarc\u00e1stico (coisas h\u00e1 que merecem), mas espero que sempre com bom humor.<\/p>\n<p>J\u00e1 levo quase cinquenta anos de milit\u00e2ncia. Contra a ditadura, que me custou pris\u00e3o, tortura e ex\u00edlio, e tamb\u00e9m amizades e companheiros que prezo por toda a vida, ainda que com muitos, tenha hoje diverg\u00eancias. No \u00e2mbito da cultura e, em particular, na \u00e1rea dos livros, onde a experi\u00eancia da Editora Marco Zero, empreendimento iniciado pela Maria Jos\u00e9 Silveira, minha companheira de toda a vida, e com a participa\u00e7\u00e3o e cumplicidade do M\u00e1rcio Souza (e tamb\u00e9m de tantos autores que publicamos, brasileiros e estrangeiros). Mais adiante \u2013 e como consequ\u00eancia da Marco Zero \u2013 a milit\u00e2ncia na \u00e1rea das pol\u00edticas p\u00fablicas para o livro e para a leitura e em prol da biblioteca p\u00fablica e do amplo acesso de todos aos livros.<\/p>\n<p>Esse nome de Zagaia foi pensado em uma noite, tomando cerveja em Manaus, h\u00e1 quarenta e tantos anos. Para falar a verdade, nem lembro mais quem estava na mesa. Mas a ideia era fazer uma revista que seria mais ou menos como a proposta deste blog. S\u00f3 que na \u00e9poca seria impressa, \u00e9 claro.<\/p>\n<p>A ideia se esfumou por a\u00ed, mas lembrei disso quando pensei neste espa\u00e7o.<\/p>\n<p>Minhas reflex\u00f5es sobre o mercado editorial est\u00e3o no blog O Xis do Problema <a onclick=\"javascript:pageTracker._trackPageview('\/outgoing\/www.oxisdoproblema.com.br');\"  href=\"http:\/\/www.oxisdoproblema.com.br\">www.oxisdoproblema.com.br<\/a> e, de vez em quando, coloco observa\u00e7\u00f5es curtas no Facebook. Mas faz tempo que sinto necessidade de, eventualmente, fazer observa\u00e7\u00f5es mais consistentes sobre assuntos correntes.<\/p>\n<p>Diga-se: sem nenhuma pretens\u00e3o de ser cabe\u00e7a pensante e falante, dono da verdade, palpiteiro de tudo. Mas tamb\u00e9m com um j\u00e1 alto grau de irrita\u00e7\u00e3o com as mentiras, ou meias verdades &#8211; que s\u00e3o mentiras completas &#8211; que ficam circulando por a\u00ed. Ent\u00e3o, como cidad\u00e3o, pretendo dar meus pitacos.<\/p>\n<p>Mas n\u00e3o pretendo nem quero monopolizar o blog. J\u00e1 convidei alguns amigos, oferecendo o espa\u00e7o. Na medida em que aceitem, vou anunciando e informando a eles os mecanismos para que coloquem seus posts de forma aut\u00f4noma.<\/p>\n<p>Coment\u00e1rios s\u00e3o bem-vindos. Concordando ou discordando, desde que de modo civilizado e racional. \u00a0Mas ser\u00e3o moderados e aprovados, antes de ser publicados. E devem assinados com um e-mail v\u00e1lido (que n\u00e3o ser\u00e1 divulgado, mas testado para verificar a autenticidade). Essa prolifera\u00e7\u00e3o de improp\u00e9rios que vemos circulando hoje pela Internet simplesmente me enoja, e n\u00e3o pretendo abrir mais espa\u00e7o para isso.<\/p>\n<p>Dessa maneira, quem quiser se manifestar e aprofundar os debates e quest\u00f5es postadas aqui no Zagaia, esteja em casa.<\/p>\n","protected":false},"excerpt":{"rendered":"<p>A Zagaia (ou azagaia, como queiram), \u00e9 uma arma curta de arremesso que alguns grupos ind\u00edgenas do mundo inteiro usam, inclusive na Amaz\u00f4nia. L\u00e1, mais que para a guerra \u00e9 usada para fisgar os grandes peixes. \u00c9 um instrumento usado &hellip; <a href=\"http:\/\/www.zagaia.blog.br\/?p=8\">Continue lendo <span class=\"meta-nav\">&rarr;<\/span><\/a><\/p>\n","protected":false},"author":1,"featured_media":0,"comment_status":"open","ping_status":"open","sticky":false,"template":"","format":"standard","meta":{"jetpack_post_was_ever_published":false},"categories":[1],"tags":[],"jetpack_featured_media_url":"","jetpack_shortlink":"https:\/\/wp.me\/p4Lc9A-8","_links":{"self":[{"href":"http:\/\/www.zagaia.blog.br\/index.php?rest_route=\/wp\/v2\/posts\/8"}],"collection":[{"href":"http:\/\/www.zagaia.blog.br\/index.php?rest_route=\/wp\/v2\/posts"}],"about":[{"href":"http:\/\/www.zagaia.blog.br\/index.php?rest_route=\/wp\/v2\/types\/post"}],"author":[{"embeddable":true,"href":"http:\/\/www.zagaia.blog.br\/index.php?rest_route=\/wp\/v2\/users\/1"}],"replies":[{"embeddable":true,"href":"http:\/\/www.zagaia.blog.br\/index.php?rest_route=%2Fwp%2Fv2%2Fcomments&post=8"}],"version-history":[{"count":1,"href":"http:\/\/www.zagaia.blog.br\/index.php?rest_route=\/wp\/v2\/posts\/8\/revisions"}],"predecessor-version":[{"id":9,"href":"http:\/\/www.zagaia.blog.br\/index.php?rest_route=\/wp\/v2\/posts\/8\/revisions\/9"}],"wp:attachment":[{"href":"http:\/\/www.zagaia.blog.br\/index.php?rest_route=%2Fwp%2Fv2%2Fmedia&parent=8"}],"wp:term":[{"taxonomy":"category","embeddable":true,"href":"http:\/\/www.zagaia.blog.br\/index.php?rest_route=%2Fwp%2Fv2%2Fcategories&post=8"},{"taxonomy":"post_tag","embeddable":true,"href":"http:\/\/www.zagaia.blog.br\/index.php?rest_route=%2Fwp%2Fv2%2Ftags&post=8"}],"curies":[{"name":"wp","href":"https:\/\/api.w.org\/{rel}","templated":true}]}}