{"id":791,"date":"2018-07-09T22:46:04","date_gmt":"2018-07-10T01:46:04","guid":{"rendered":"http:\/\/www.zagaia.blog.br\/?p=791"},"modified":"2018-07-09T22:46:04","modified_gmt":"2018-07-10T01:46:04","slug":"dois-julhos","status":"publish","type":"post","link":"http:\/\/www.zagaia.blog.br\/?p=791","title":{"rendered":"DOIS JULHOS"},"content":{"rendered":"<div id=\"attachment_792\" style=\"width: 650px\" class=\"wp-caption alignleft\"><img aria-describedby=\"caption-attachment-792\" decoding=\"async\" loading=\"lazy\" class=\"size-full wp-image-792\" src=\"https:\/\/i0.wp.com\/www.zagaia.blog.br\/wp-content\/uploads\/2018\/07\/bomb-1924.jpg?resize=640%2C373\" alt=\"\" width=\"640\" height=\"373\" srcset=\"https:\/\/i0.wp.com\/www.zagaia.blog.br\/wp-content\/uploads\/2018\/07\/bomb-1924.jpg?w=640 640w, https:\/\/i0.wp.com\/www.zagaia.blog.br\/wp-content\/uploads\/2018\/07\/bomb-1924.jpg?resize=300%2C175 300w\" sizes=\"(max-width: 640px) 100vw, 640px\" data-recalc-dims=\"1\" \/><p id=\"caption-attachment-792\" class=\"wp-caption-text\">O bombardeio de 1924<\/p><\/div>\n<p>Morando h\u00e1 mais de vinte anos em um pr\u00e9dio que d\u00e1 vista tanto para a Paulista como para o t\u00fanel da Av. 9 de Julho, j\u00e1 est\u00e1vamos acostumados, a cada ano, no anivers\u00e1rio da chamada \u201cRevolu\u00e7\u00e3o Constitucionalista\u201d, ver um grupo de velhinhos \u201cex-combatentes\u201d \u00e0 frente de uma bandinha, para comemorar o in\u00edcio da dita cuja.<\/p>\n<p>Ano a ano diminu\u00eda o grupo. Claro, quem nasceu em 1932 teria hoje 85 anos e, considerando-se que tivesse pelo menos quinze anos naquela data, bateria hoje na casa dos cem.<\/p>\n<div id=\"attachment_793\" style=\"width: 889px\" class=\"wp-caption alignleft\"><img aria-describedby=\"caption-attachment-793\" decoding=\"async\" loading=\"lazy\" class=\"size-full wp-image-793\" src=\"https:\/\/i0.wp.com\/www.zagaia.blog.br\/wp-content\/uploads\/2018\/07\/REVOLUCAOCONSTITUCIONALISTA1932.jpg?resize=640%2C291\" alt=\"\" width=\"640\" height=\"291\" srcset=\"https:\/\/i0.wp.com\/www.zagaia.blog.br\/wp-content\/uploads\/2018\/07\/REVOLUCAOCONSTITUCIONALISTA1932.jpg?w=879 879w, https:\/\/i0.wp.com\/www.zagaia.blog.br\/wp-content\/uploads\/2018\/07\/REVOLUCAOCONSTITUCIONALISTA1932.jpg?resize=300%2C137 300w, https:\/\/i0.wp.com\/www.zagaia.blog.br\/wp-content\/uploads\/2018\/07\/REVOLUCAOCONSTITUCIONALISTA1932.jpg?resize=768%2C349 768w\" sizes=\"(max-width: 640px) 100vw, 640px\" data-recalc-dims=\"1\" \/><p id=\"caption-attachment-793\" class=\"wp-caption-text\">Mobiliza\u00e7\u00e3o de 1932<\/p><\/div>\n<p>Quando os vereadores paulistanos resolveram prestar uma homenagem a um dos prestigiados m\u00e9dicos do Hospital S\u00edrio-Liban\u00eas e aprovaram o nome oficial de Daher Cutait para o t\u00fanel, foi o maior escarc\u00e9u. O t\u00fanel acabou oficialmente como \u201cT\u00fanel 9 de Julho \u2013 Dr. Daher Cutait\u201d. Recentemente notei que uma rua atr\u00e1s do hospital, que antes se chamava \u201cDr. Nicolau dos Santos\u201d, homenageando um hom\u00f4nimo do famoso juiz, o \u201cLalau\u201d, havia sido rebatizada com o nome do mesmo m\u00e9dico.<\/p>\n<p>H\u00e1 dois ou tr\u00eas anos atr\u00e1s, a bandinha e os velhotes deixaram de aparecer.<\/p>\n<p>No romance \u201cA M\u00e3e da M\u00e3e de sua M\u00e3e e suas Filhas\u201d, Maria Jos\u00e9 Silveira faz uma breve descri\u00e7\u00e3o de outro julho, o de 1924. No dia 5 daquele junho estalou outra revolu\u00e7\u00e3o em S. Paulo. Foi uma das mais cruentas revoltas do tenentismo, movimento dos jovens militares e o maior conflito b\u00e9lico que atingiu a capital paulista, deixando mais de mil mortos e quatro mil feridos. Em boa parte foram populares atingidos pela resposta do governo federal, que bombardeou a cidade com canh\u00f5es e com avia\u00e7\u00e3o, em um dos primeiros ensaios da t\u00e1tica que se tornaria c\u00e9lebre na Guerra Civil espanhola e na II Guerra Mundial: o bombardeio da popula\u00e7\u00e3o civil. O \u201cBombardeio Terrificante\u201d e os canh\u00f5es alcan\u00e7aram principalmente os bairros oper\u00e1rios do Br\u00e1s e da Mooca, mas atingiram tamb\u00e9m o centro e o bairro de Perdizes.<\/p>\n<p>Depois de 23 dias, os revoltosos abandonaram a cidade e, chefiados por Isidoro Dias Lopes e Miguel Costa marcharam para o sudeste, onde acabaram se reunindo com as tropas ga\u00fachas revoltadas sob o comando de Lu\u00eds Carlos Prestes, iniciando a marcha que arrancaria pelos sert\u00f5es, at\u00e9 se internar na Bol\u00edvia, j\u00e1 em 1927. Entre os seus componentes, outros tenentes que depois apoiaram decisivamente Get\u00falio Vargas: Juarez T\u00e1vora, Eduardo Gomes, Isidoro e Miguel Costa. Os dois primeiros, golpistas renitentes, estavam presentes no golpe de 1964.<\/p>\n<p>Nem vou discutir aqui as complexidades do tenentismo, das revolu\u00e7\u00f5es de 1930 e da paulista de 1932. N\u00e3o \u00e9 o lugar e nem tenho compet\u00eancia para isso.<\/p>\n<p>Mas fico c\u00e1 matutando.<\/p>\n<p>Qual a raz\u00e3o da Revolu\u00e7\u00e3o de 1924 ser completa e totalmente esquecida e a de 1932 at\u00e9 hoje louvada em prosa e verso (do Guilherme de Almeida, por exemplo, que escreveu at\u00e9 letra de hinos)?<\/p>\n<p>Entretanto, algumas pistas existem.<\/p>\n<p>O tenentismo n\u00e3o era, com certeza um \u201cmovimento popular\u201d. Mas, de fato, todos sofriam com a pol\u00edtica olig\u00e1rquica do \u201ccaf\u00e9 com leite\u201d (exceto, claro, quem se beneficiava com ela). Esse foi um dos motivos que impulsionaram a vit\u00f3ria do Get\u00falio e da sua Revolu\u00e7\u00e3o, depois das elei\u00e7\u00f5es manipuladas para dar vit\u00f3ria a Julio Prestes, ex-governador paulista.<\/p>\n<p>Desde o in\u00edcio do s\u00e9culo XX, a agricultura paulista, dominada pelos cafeicultores \u2013 que controlavam a Sociedade Rural Brasileira \u2013 dependia de uma \u201cpol\u00edtica de valoriza\u00e7\u00e3o do caf\u00e9\u201d. Uma s\u00e9rie de medidas que obrigava os governos (estadual e federal) a adquirir os estoques excedentes de caf\u00e9, ainda mais crescentes depois da crise de 1929. As amea\u00e7as a essa pol\u00edtica e, principalmente, \u00e0 perda da influ\u00eancia da cafeicultura paulista no governo federal foi, sem d\u00favida um dos motivos \u201cocultos\u201d de 1932. Os mineiros (que eram s\u00f3cios minorit\u00e1rios do \u201ccaf\u00e9 com leite\u201d) acabaram conseguindo uma acomoda\u00e7\u00e3o com Get\u00falio, atrav\u00e9s de Benedito Valadares.<\/p>\n<p>Mas a oligarquia paulista estava profundamente irritada por n\u00e3o colocar um de seus representantes no governo paulista e, mais ainda, pela inabilidade desastrosa dos interventores nomeados por Get\u00falio. At\u00e9 a coisa estourar.<\/p>\n<p>Some-se a isso um sentimento crescente de secess\u00e3o.\u00a0 A lenda mitol\u00f3gica da \u201cS\u00e3o Paulo locomotiva que arrasta vinte e cinco vag\u00f5es vazios\u201d convenientemente esquece que quem comprava e compra a produ\u00e7\u00e3o paulista s\u00e3o os que moram em outros estados (e as brigas pela reparti\u00e7\u00e3o do ICM continuam at\u00e9 hoje&#8230;).<\/p>\n<p>Intelectuais importantes, como Monteiro Lobato e M\u00e1rio de Andrade chegaram a se posicionar (principalmente o primeiro) pela secess\u00e3o.<\/p>\n<p>Deu no que deu.<\/p>\n<p>Mas o fato \u00e9 que, enquanto 1924 foi, de certo modo, movimento estranho \u00e0s paulistices e mais dentro de um movimento nacionalmente mais amplo, a de 1932 interessava essencialmente \u00e0 oligarquia paulista. As esperadas ades\u00f5es de outros estados n\u00e3o vieram (s\u00f3 o numericamente insignificante Mato Grosso apoiou os paulistas), e Vargas mobilizou o resto do pa\u00eds contra o secessionismo que, verdadeiro ou n\u00e3o, extenso ou n\u00e3o, foi um dos mobilizadores do resto do pa\u00eds contra a rebeli\u00e3o.<\/p>\n<p>Ent\u00e3o, n\u00e3o \u00e9 de admirar que o 5 de Julho seja sistematicamente obliterado, e o 9 de Julho t\u00e3o celebrado pelas classes dominantes paulistas.<\/p>\n<p>Tudo isso \u00e9 apenas mais uma pequena amostra dos processos de oculta\u00e7\u00e3o e valoriza\u00e7\u00e3o da hist\u00f3ria que continuam sendo feitas.<\/p>\n","protected":false},"excerpt":{"rendered":"<p>Morando h\u00e1 mais de vinte anos em um pr\u00e9dio que d\u00e1 vista tanto para a Paulista como para o t\u00fanel da Av. 9 de Julho, j\u00e1 est\u00e1vamos acostumados, a cada ano, no anivers\u00e1rio da chamada \u201cRevolu\u00e7\u00e3o Constitucionalista\u201d, ver um grupo &hellip; <a href=\"http:\/\/www.zagaia.blog.br\/?p=791\">Continue lendo <span class=\"meta-nav\">&rarr;<\/span><\/a><\/p>\n","protected":false},"author":1,"featured_media":0,"comment_status":"open","ping_status":"open","sticky":false,"template":"","format":"standard","meta":{"jetpack_post_was_ever_published":false},"categories":[1],"tags":[359,360],"jetpack_featured_media_url":"","jetpack_shortlink":"https:\/\/wp.me\/p4Lc9A-cL","_links":{"self":[{"href":"http:\/\/www.zagaia.blog.br\/index.php?rest_route=\/wp\/v2\/posts\/791"}],"collection":[{"href":"http:\/\/www.zagaia.blog.br\/index.php?rest_route=\/wp\/v2\/posts"}],"about":[{"href":"http:\/\/www.zagaia.blog.br\/index.php?rest_route=\/wp\/v2\/types\/post"}],"author":[{"embeddable":true,"href":"http:\/\/www.zagaia.blog.br\/index.php?rest_route=\/wp\/v2\/users\/1"}],"replies":[{"embeddable":true,"href":"http:\/\/www.zagaia.blog.br\/index.php?rest_route=%2Fwp%2Fv2%2Fcomments&post=791"}],"version-history":[{"count":2,"href":"http:\/\/www.zagaia.blog.br\/index.php?rest_route=\/wp\/v2\/posts\/791\/revisions"}],"predecessor-version":[{"id":795,"href":"http:\/\/www.zagaia.blog.br\/index.php?rest_route=\/wp\/v2\/posts\/791\/revisions\/795"}],"wp:attachment":[{"href":"http:\/\/www.zagaia.blog.br\/index.php?rest_route=%2Fwp%2Fv2%2Fmedia&parent=791"}],"wp:term":[{"taxonomy":"category","embeddable":true,"href":"http:\/\/www.zagaia.blog.br\/index.php?rest_route=%2Fwp%2Fv2%2Fcategories&post=791"},{"taxonomy":"post_tag","embeddable":true,"href":"http:\/\/www.zagaia.blog.br\/index.php?rest_route=%2Fwp%2Fv2%2Ftags&post=791"}],"curies":[{"name":"wp","href":"https:\/\/api.w.org\/{rel}","templated":true}]}}