{"id":744,"date":"2017-05-25T23:42:43","date_gmt":"2017-05-26T02:42:43","guid":{"rendered":"http:\/\/www.zagaia.blog.br\/?p=744"},"modified":"2017-05-25T23:43:58","modified_gmt":"2017-05-26T02:43:58","slug":"black-blocks-e-manifestacoes-ingenuidade-imprevidencia-ou-ignorancia-dos-organizadores","status":"publish","type":"post","link":"http:\/\/www.zagaia.blog.br\/?p=744","title":{"rendered":"\u201cBLACK BLOCKS\u201d E MANIFESTA\u00c7\u00d5ES \u2013 INGENUIDADE , IMPREVID\u00caNCIA OU IGNOR\u00c2NCIA DOS ORGANIZADORES?"},"content":{"rendered":"<div id=\"attachment_745\" style=\"width: 902px\" class=\"wp-caption aligncenter\"><img aria-describedby=\"caption-attachment-745\" decoding=\"async\" loading=\"lazy\" class=\"wp-image-745 size-full\" src=\"https:\/\/i0.wp.com\/www.zagaia.blog.br\/wp-content\/uploads\/2017\/05\/Capturar.jpg?resize=640%2C418\" alt=\"\" width=\"640\" height=\"418\" srcset=\"https:\/\/i0.wp.com\/www.zagaia.blog.br\/wp-content\/uploads\/2017\/05\/Capturar.jpg?w=892 892w, https:\/\/i0.wp.com\/www.zagaia.blog.br\/wp-content\/uploads\/2017\/05\/Capturar.jpg?resize=300%2C196 300w, https:\/\/i0.wp.com\/www.zagaia.blog.br\/wp-content\/uploads\/2017\/05\/Capturar.jpg?resize=768%2C501 768w\" sizes=\"(max-width: 640px) 100vw, 640px\" data-recalc-dims=\"1\" \/><p id=\"caption-attachment-745\" class=\"wp-caption-text\">Provoca\u00e7\u00e3o. Pura e simples.<\/p><\/div>\n<p>Essa hist\u00f3ria dos \u201cBlack Blocks\u201d aparece continuadamente nas manifesta\u00e7\u00f5es desde 2013. Sempre pol\u00eamicos, mascarados e provocando destrui\u00e7\u00e3o. Na \u00faltima, em Bras\u00edlia, parece que os organizadores pediram aos pr\u00f3prios policiais que os prendessem e n\u00e3o reprimissem a manifesta\u00e7\u00e3o, que era pac\u00edfica. Claro que a pol\u00edcia n\u00e3o fez nada. Ou, melhor dizendo, aproveitou o pretexto dos mascarados para meter o pau na multid\u00e3o.<\/p>\n<p>N\u00e3o falta quem apoie os tais mascarados. S\u00e3o talvez os que precisam de um pouco mais de hist\u00f3ria e pol\u00edtica.<\/p>\n<p>Os \u201cBlack Blocs\u201d, nas poucas vezes que se manifestaram diretamente ou por apoiadores, declaram-se anarquistas.<\/p>\n<p>Por ocasi\u00e3o do seu aparecimento, em 2013, comentei com um amigo que a pol\u00edcia logo iria localiz\u00e1-los e fazer uma varrida. \u201cQue nada\u201d \u2013 respondeu meu amigo. \u201cEles s\u00e3o da pol\u00edcia\u201d.<\/p>\n<p>\u00c9 claro que nem todos s\u00e3o. Alguns realmente acreditam no anarquismo, em especial pela pr\u00e1tica da \u201ca\u00e7\u00e3o direta\u201d.<\/p>\n<p>H\u00e1 mais de cento e cinquenta anos que essa \u201ca\u00e7\u00e3o direta\u201d provoca graves danos ao movimento popular. Por uma raz\u00e3o muito simples. Essas a\u00e7\u00f5es n\u00e3o \u201cdespertam\u201d as massas nem \u201cfazem avan\u00e7ar a luta\u201d. Simplesmente d\u00e3o pretexto para que a repress\u00e3o se acirre. Para os anarquistas, a trag\u00e9dia \u00e9 ainda pior: esses grupos acabam massacrados.<\/p>\n<p>No entanto, a pol\u00edcia tamb\u00e9m percebeu que infiltrando-os com seus pr\u00f3prios agentes e usando todos para as a\u00e7\u00f5es de desorganiza\u00e7\u00e3o, abrem tamb\u00e9m mais espa\u00e7o para as a\u00e7\u00f5es policiais mais violentas.<\/p>\n<p>\u00c9 o caso dos atentados terroristas executados na R\u00fassia czarista, na Alemanha e em outros pa\u00edses da Europa, o que provocou um incremento da repress\u00e3o e todos os grupos anarquistas foram dizimados.<\/p>\n<p>A hist\u00f3ria da \u201cBande \u00e0 Bonot\u201d, na Fran\u00e7a, tamb\u00e9m \u00e9 exemplar. Bonot, mec\u00e2nico, reuniu companheiros em uma \u201ccomunidade livre\u201d e, com o objetivo duplo de assustar a burguesia, em particular os banqueiros e os fabricantes de auto, e assim \u201cmotivar\u201d a classe oper\u00e1ria, empreenderam uma s\u00e9rie de assaltos. At\u00e9 serem cercados e dizimados pela pol\u00edcia. Como esse, s\u00e3o in\u00fameros os exemplos.<\/p>\n<p>No decorrer desse tempo todo, acredito que em apenas um momento as a\u00e7\u00f5es dos anarquistas tiveram import\u00e2ncia real, e foi na Guerra Civil Espanhola. Sem nenhuma d\u00favida, as mil\u00edcias anarco-sindicalistas aturam de forma corajosa e brava contra o ex\u00e9rcito franco. No entanto, essa coragem, unida ao voluntarismo e \u00e0 desorganiza\u00e7\u00e3o estrat\u00e9gica, levou as mil\u00edcias a a\u00e7\u00f5es desesperadas e tr\u00e1gicas, criando condi\u00e7\u00f5es tamb\u00e9m para que os franquistas ganhassem apoio de parte da popula\u00e7\u00e3o que antes defendia a Rep\u00fablica. O assassinato de padres e a destrui\u00e7\u00e3o de igrejas, algo sem nenhum objetivo militar ou dirigido para a tomada do poder, eram justificados pelo fato da hierarquia da igreja cat\u00f3lica ter dado apoio a Franco. O \u00f3dio ideol\u00f3gico se sobrep\u00f4s \u00e0s considera\u00e7\u00f5es militares e pol\u00edticas exigidas, e viu-se o que foi vivido.<\/p>\n<p>Desse modo, as organiza\u00e7\u00f5es populares e revolucion\u00e1rias foram aprendendo a desmobilizar e isolar os anarquistas. Politicamente, com o trabalho nas f\u00e1bricas e nos bairros populares. Por outro, nas manifesta\u00e7\u00f5es que deveriam ter um car\u00e1ter pac\u00edfico \u2013 ou de envolvimento do conjunto dos manifestantes na a\u00e7\u00e3o \u2013 isolando-os antes que executassem a\u00e7\u00f5es provocadoras ou precipitadas.<\/p>\n<p>Tragicamente, o fasc\u00ednio anarquista continua atraindo principalmente jovens, entusiasmados com a ideia da \u201ca\u00e7\u00e3o direta\u201d e com a possibilidade de \u201capressar a revolu\u00e7\u00e3o\u201d. \u00c9 claro, o estado capitalista \u00e9 caracterizado como agressor prim\u00e1rio e as a\u00e7\u00f5es como simples respostas \u00e0 essas agress\u00f5es. E continua acontecendo.<\/p>\n<p>Os defensores dos \u201cblack blocs\u201d geralmente alegam exatamente isso: o estado \u00e9 o agressor prim\u00e1rio e a viol\u00eancia \u00e9 uma resposta.<\/p>\n<p>Criam uma brutal confus\u00e3o entre a viol\u00eancia nas manifesta\u00e7\u00f5es e aquilo que o fil\u00f3sofo chin\u00eas disse: \u201cA Revolu\u00e7\u00e3o se faz na ponta de um cano de fuzil\u201d.<\/p>\n<p>Infelizmente (explic\u00e1vel por tantas e tantas raz\u00f5es), n\u00e3o vivemos em nosso pa\u00eds uma situa\u00e7\u00e3o revolucion\u00e1ria. Muito pelo contr\u00e1rio: estamos em plena defensiva, buscando resguardar direitos sociais e outras conquistas democr\u00e1ticas duramente conquistadas. Que as comunidades ind\u00edgenas se preparem para expulsar \u00e0 bala grileiros, que haja resist\u00eancia \u00e0s desocupa\u00e7\u00f5es e outras situa\u00e7\u00f5es do mesmo tipo, \u00e9 n\u00e3o apenas justific\u00e1vel como necess\u00e1ria.<\/p>\n<p>Mas que n\u00e3o haja prepara\u00e7\u00e3o e organiza\u00e7\u00e3o para enfrentar provoca\u00e7\u00f5es em uma manifesta\u00e7\u00e3o convocada para ser pac\u00edfica, para aumentar a press\u00e3o contra o governo golpista e defender os direitos dos trabalhadores, revela uma das duas coisas por parte dos organizadores: ingenuidade ou incompet\u00eancia.<\/p>\n<p>N\u00e3o h\u00e1 pedra mais cantada que essa: esses grupos sistematicamente entram nas manifesta\u00e7\u00f5es, mascarados, para provocar mais a repress\u00e3o. Uma a\u00e7\u00e3o de provoca\u00e7\u00e3o, em suma.<\/p>\n<p>Que uma parte dos componentes desses grupos \u00e9 de jovens fascinados com a a\u00e7\u00e3o direta \u00e9 verdade. Mas que hoje est\u00e3o pesadamente infiltrados pelos servi\u00e7os de seguran\u00e7a \u00e9 evidente. O v\u00eddeo que foi feito nas <a onclick=\"javascript:pageTracker._trackPageview('\/outgoing\/youtu.be\/hSIWlVU0deE');\"  href=\"https:\/\/youtu.be\/hSIWlVU0deE\" target=\"_blank\" rel=\"noopener noreferrer\">manifesta\u00e7\u00f5es\u00a0no Rio,<\/a> no dia 24, deixa isso ainda mais claro.<\/p>\n<p>\u00c9 absolutamente imprescind\u00edvel que, nas manifesta\u00e7\u00f5es, os organizadores estejam preparados para essas coisas. J\u00e1 em 1968, nas passeatas estudantis, havia a preocupa\u00e7\u00e3o de ter um grupo de seguran\u00e7a pronto para identificar provocadores e ajudar na retirada das lideran\u00e7as estudantis quando amea\u00e7adas pela pol\u00edcia.<\/p>\n<p>\u00c9 preciso levar isso em conta. Estar preparados para isolar o grupo, identific\u00e1-los e, detectando os policiais infiltrados, entregar para a pol\u00edcia, acompanhados pela imprensa e pelos advogados. Nem precisa esculachar, s\u00f3 isolar e impedir que fa\u00e7am as provoca\u00e7\u00f5es.<\/p>\n<p>Deixar de fazer isso \u00e9 ingenuidade ou incompet\u00eancia. E as consequ\u00eancias s\u00e3o p\u00e9ssimas.<\/p>\n","protected":false},"excerpt":{"rendered":"<p>Essa hist\u00f3ria dos \u201cBlack Blocks\u201d aparece continuadamente nas manifesta\u00e7\u00f5es desde 2013. Sempre pol\u00eamicos, mascarados e provocando destrui\u00e7\u00e3o. Na \u00faltima, em Bras\u00edlia, parece que os organizadores pediram aos pr\u00f3prios policiais que os prendessem e n\u00e3o reprimissem a manifesta\u00e7\u00e3o, que era pac\u00edfica. &hellip; <a href=\"http:\/\/www.zagaia.blog.br\/?p=744\">Continue lendo <span class=\"meta-nav\">&rarr;<\/span><\/a><\/p>\n","protected":false},"author":1,"featured_media":0,"comment_status":"open","ping_status":"open","sticky":false,"template":"","format":"standard","meta":{"jetpack_post_was_ever_published":false},"categories":[1],"tags":[341,342,343],"jetpack_featured_media_url":"","jetpack_shortlink":"https:\/\/wp.me\/p4Lc9A-c0","_links":{"self":[{"href":"http:\/\/www.zagaia.blog.br\/index.php?rest_route=\/wp\/v2\/posts\/744"}],"collection":[{"href":"http:\/\/www.zagaia.blog.br\/index.php?rest_route=\/wp\/v2\/posts"}],"about":[{"href":"http:\/\/www.zagaia.blog.br\/index.php?rest_route=\/wp\/v2\/types\/post"}],"author":[{"embeddable":true,"href":"http:\/\/www.zagaia.blog.br\/index.php?rest_route=\/wp\/v2\/users\/1"}],"replies":[{"embeddable":true,"href":"http:\/\/www.zagaia.blog.br\/index.php?rest_route=%2Fwp%2Fv2%2Fcomments&post=744"}],"version-history":[{"count":3,"href":"http:\/\/www.zagaia.blog.br\/index.php?rest_route=\/wp\/v2\/posts\/744\/revisions"}],"predecessor-version":[{"id":748,"href":"http:\/\/www.zagaia.blog.br\/index.php?rest_route=\/wp\/v2\/posts\/744\/revisions\/748"}],"wp:attachment":[{"href":"http:\/\/www.zagaia.blog.br\/index.php?rest_route=%2Fwp%2Fv2%2Fmedia&parent=744"}],"wp:term":[{"taxonomy":"category","embeddable":true,"href":"http:\/\/www.zagaia.blog.br\/index.php?rest_route=%2Fwp%2Fv2%2Fcategories&post=744"},{"taxonomy":"post_tag","embeddable":true,"href":"http:\/\/www.zagaia.blog.br\/index.php?rest_route=%2Fwp%2Fv2%2Ftags&post=744"}],"curies":[{"name":"wp","href":"https:\/\/api.w.org\/{rel}","templated":true}]}}