{"id":739,"date":"2017-05-11T16:46:46","date_gmt":"2017-05-11T19:46:46","guid":{"rendered":"http:\/\/www.zagaia.blog.br\/?p=739"},"modified":"2017-05-11T16:46:46","modified_gmt":"2017-05-11T19:46:46","slug":"o-boquinha-ficou-tristinho","status":"publish","type":"post","link":"http:\/\/www.zagaia.blog.br\/?p=739","title":{"rendered":"O &#8220;BOQUINHA&#8221; FICOU TRISTINHO"},"content":{"rendered":"<p><img decoding=\"async\" loading=\"lazy\" class=\"alignleft size-full wp-image-740\" src=\"https:\/\/i0.wp.com\/www.zagaia.blog.br\/wp-content\/uploads\/2017\/05\/download.jpg?resize=275%2C183\" alt=\"\" width=\"275\" height=\"183\" data-recalc-dims=\"1\" \/> Carlos Fernando de Lima, de triste atua\u00e7\u00e3o nos epis\u00f3dios do Banestado, recebeu enorme espa\u00e7o no <a onclick=\"javascript:pageTracker._trackPageview('\/outgoing\/politica.estadao.com.br\/blogs\/fausto-macedo\/um-tanto-triste-diz-procurador-da-lava-jato-sobre-lula-responsabilizar-marisa\/');\"  href=\"http:\/\/politica.estadao.com.br\/blogs\/fausto-macedo\/um-tanto-triste-diz-procurador-da-lava-jato-sobre-lula-responsabilizar-marisa\/\" target=\"_blank\" rel=\"noopener noreferrer\">Estad\u00fanculo<\/a>, j\u00e1 reproduzida por todo o espectro da PIG, para dizer que &#8220;ficou triste&#8221; com o depoimento de Lula por este afirmar que a decis\u00e3o de comprar cotas na Bancoop havia sito de D. Marisa Let\u00edcia.<\/p>\n<p>Outros internautas acusaram tamb\u00e9m as declara\u00e7\u00f5es de Lula como sendo \u201cmachistas\u201d.<\/p>\n<p>Nunca tive rela\u00e7\u00f5es pessoais com o Presidente Lula. Mas conhe\u00e7o muita gente que j\u00e1 trabalhou em administra\u00e7\u00f5es petistas e no movimento sindical, e mais recentemente no Instituto Lula. E algo que todos sempre comentam, como coisa natural, \u00e9 que D. Marisa cuidava pessoalmente das finan\u00e7as do casal. O que, para mim, em vez de machismo, denota simplesmente enorme respeito e a autonomia que ela desfrutava.<\/p>\n<p>E mais, colocava ordem na casa. Lembro de uma entrevista h\u00e1 muito tempo, quando o Lula ainda estava no sindicato, na qual ele contava que lavava ele pr\u00f3prio suas cuecas e meias, em casa e em viagens, \u201cPorque a Marisa dizia que n\u00e3o faria isso, e que cada um lavasse sua roupa \u00edntima\u201d.<\/p>\n<p>Infelizmente n\u00e3o sei onde li essa entrevista. N\u00e3o tenho a s\u00edndrome do Jo\u00e3o Cond\u00e9, que arquivava tudo, e nem mesmo a do Humberto Werneck, que segue os passos do dono dos \u201cArquivos Implac\u00e1veis\u201d. Oxal\u00e1 tivesse! Lembro perfeitamente da entrevista, acho que era numa dessas revistas de variedade, mas n\u00e3o guardei.<\/p>\n<p>Outra coisa esquecida com frequ\u00eancia \u00e9 que as cooperativas habitacionais de sindicatos, especialmente de banc\u00e1rios, sempre foram uma atividade recorrente, e permitiram a aquisi\u00e7\u00e3o de casa pr\u00f3pria para muita gente. Em S. Paulo existem v\u00e1rios conjuntos habitacionais conhecidos como \u201cdos banc\u00e1rios\u201d. Um deles, por exemplo, em Pinheiros.<br \/>\nAdquirir cotas de apartamentos nessas cooperativas, desse modo, sempre foi algo muito apreciado.<\/p>\n<p>N\u00e3o quero nem entrar aqui nas raz\u00f5es dos problemas que atingiram o Bancoop. Mas rio muito pensando na imagem de D. Marisa chegando para o Presidente (em 2005) e perguntando: \u201cBenh\u00ea, posso comprar uma cota no edif\u00edcio que o Sindicato dos Banc\u00e1rios est\u00e1 construindo no Guaruj\u00e1?\u201d<\/p>\n<p>Quanto \u00e0 fama obscura e complicada do \u201cBoquinha\u201d, mat\u00e9ria da <a onclick=\"javascript:pageTracker._trackPageview('\/outgoing\/istoe.com.br\/13328_RAPOSA+NO+GALINHEIRO\/');\"  href=\"http:\/\/istoe.com.br\/13328_RAPOSA+NO+GALINHEIRO\/\" target=\"_blank\" rel=\"noopener noreferrer\">Isto\u00c9,<\/a> de 2003, (era outra revista, sem parentesco real com o atual pasquim semanal) \u00e9 ilustrativa. Amaury Ribeiro Jr. e Osmar Freitas Jr foram os autores. Osmar atualmente \u00e9 o correspondente da Revista Brasileiros em N. York. Amaury Ribeiro Jr. \u00c9 jornalista investigativo e autor de \u201cA Privataria Tucana\u201d.<\/p>\n","protected":false},"excerpt":{"rendered":"<p>Carlos Fernando de Lima, de triste atua\u00e7\u00e3o nos epis\u00f3dios do Banestado, recebeu enorme espa\u00e7o no Estad\u00fanculo, j\u00e1 reproduzida por todo o espectro da PIG, para dizer que &#8220;ficou triste&#8221; com o depoimento de Lula por este afirmar que a decis\u00e3o &hellip; <a href=\"http:\/\/www.zagaia.blog.br\/?p=739\">Continue lendo <span class=\"meta-nav\">&rarr;<\/span><\/a><\/p>\n","protected":false},"author":1,"featured_media":0,"comment_status":"open","ping_status":"open","sticky":false,"template":"","format":"standard","meta":{"jetpack_post_was_ever_published":false},"categories":[1],"tags":[339,338,48,340],"jetpack_featured_media_url":"","jetpack_shortlink":"https:\/\/wp.me\/p4Lc9A-bV","_links":{"self":[{"href":"http:\/\/www.zagaia.blog.br\/index.php?rest_route=\/wp\/v2\/posts\/739"}],"collection":[{"href":"http:\/\/www.zagaia.blog.br\/index.php?rest_route=\/wp\/v2\/posts"}],"about":[{"href":"http:\/\/www.zagaia.blog.br\/index.php?rest_route=\/wp\/v2\/types\/post"}],"author":[{"embeddable":true,"href":"http:\/\/www.zagaia.blog.br\/index.php?rest_route=\/wp\/v2\/users\/1"}],"replies":[{"embeddable":true,"href":"http:\/\/www.zagaia.blog.br\/index.php?rest_route=%2Fwp%2Fv2%2Fcomments&post=739"}],"version-history":[{"count":2,"href":"http:\/\/www.zagaia.blog.br\/index.php?rest_route=\/wp\/v2\/posts\/739\/revisions"}],"predecessor-version":[{"id":742,"href":"http:\/\/www.zagaia.blog.br\/index.php?rest_route=\/wp\/v2\/posts\/739\/revisions\/742"}],"wp:attachment":[{"href":"http:\/\/www.zagaia.blog.br\/index.php?rest_route=%2Fwp%2Fv2%2Fmedia&parent=739"}],"wp:term":[{"taxonomy":"category","embeddable":true,"href":"http:\/\/www.zagaia.blog.br\/index.php?rest_route=%2Fwp%2Fv2%2Fcategories&post=739"},{"taxonomy":"post_tag","embeddable":true,"href":"http:\/\/www.zagaia.blog.br\/index.php?rest_route=%2Fwp%2Fv2%2Ftags&post=739"}],"curies":[{"name":"wp","href":"https:\/\/api.w.org\/{rel}","templated":true}]}}