{"id":722,"date":"2017-03-09T17:50:22","date_gmt":"2017-03-09T20:50:22","guid":{"rendered":"http:\/\/www.zagaia.blog.br\/?p=722"},"modified":"2017-03-09T17:50:22","modified_gmt":"2017-03-09T20:50:22","slug":"o-ministro-vdm-e-as-declaracoes-do-temer-e-o-beija-mao-do-chico-alencar","status":"publish","type":"post","link":"http:\/\/www.zagaia.blog.br\/?p=722","title":{"rendered":"O MINISTRO VDM E AS DECLARA\u00c7\u00d5ES DO TEMER (E O BEIJA-M\u00c3O DO CHICO ALENCAR)"},"content":{"rendered":"<p>Lu\u00eds Fernando Ver\u00edssimo volta e meia faz uma cr\u00f4nica sobre o que ele considera ser um personagem imprescind\u00edvel nas altas esferas do poder: o Ministro Vai Dar Merda. O MVDM seria um personagem obrigatoriamente presente em todas as reuni\u00f5es e, sua principal virtude, ser dotado de um bom senso comum. A\u00ed come\u00e7a o problema: ao contr\u00e1rio do que supunha o otimismo dos Iluministas, o senso comum \u00e9 uma das caracter\u00edsticas mais raras nos seres humanos. O mais comum \u00e9 mesmo a estupidez.<\/p>\n<p>Pois bem, o MVDM, usando do sentido comum, alertaria seu chefe, o presidente, de que tal ou qual proposta fere o sentido comum, e vai dar merda&#8230;<\/p>\n<p>Ah, o quanto um bom MVDM pouparia de problemas! Podem pensar na lista.<\/p>\n<p>Mas o MVDM n\u00e3o seria capaz de influenciar em grandes decis\u00f5es, aquelas realmente estrat\u00e9gicas.<\/p>\n<p>Imaginem o MVDM comentando com o Lula que a ideia dele de indicar a Dilma como sua sucessora, e na companhia do Temer, certamente iria dar merda&#8230;<\/p>\n<p>Lulinha nem iria dar bola, porque outro fator da natureza humana entraria em jogo: a ilus\u00e3o que t\u00eam os ocupantes de cargos eletivos, no executivo, de que, ao indicar seus sucessores, ter\u00e3o nestes um seguidor fiel, quase que eles mesmos reencarnados no indicado(a). Isso jamais aconteceu, e jamais acontecer\u00e1. Outro grande autor de aforismos (que nem sempre seguia), o Dr. Ulysses Guimar\u00e3es, dizia que \u201co dia da nomea\u00e7\u00e3o (ou indica\u00e7\u00e3o) \u00e9 a v\u00e9spera da ingratid\u00e3o\u201d. O sujeito puxa o saco do chefe, pinta e borda para merecer sua confian\u00e7a e conseguir a nomea\u00e7\u00e3o, como ministro, aspone, membro do STF ou do TCU, os escambaus. No dia seguinte \u00e0 nomea\u00e7\u00e3o, declara solene: \u201cFoi por meus pr\u00f3prios m\u00e9ritos\u201d.<\/p>\n<p>Pois bem.<\/p>\n<p>Quando ouvi a nossa estimada ex-presidenta discursar em p\u00fablico pela primeira vez, quando da Confer\u00eancia Nacional de Cultura, ouvi-a dirigir-se \u00e0 grande plateia em Bras\u00edlia como \u201ccongressistas\u201d. Na terceira vez, Lulinha interrompeu: \u201cN\u00e3o, Dilminha, os congressistas est\u00e3o ali do outro lado da esplanada. Esses aqui s\u00e3o delegados\u201d.<\/p>\n<p>Pensei l\u00e1 com meus bot\u00f5es: vamos carregar uma mala sem al\u00e7a e sem rodinhas. Mas n\u00e3o achava que chegasse \u00e0 trag\u00e9dia que chegou.<\/p>\n<p>Como veem, \u00e9 f\u00e1cil provar a import\u00e2ncia e a necessidade do MVDM. Dif\u00edcil \u00e9 achar um bom de verdade e mais ainda acreditar em suas previs\u00f5es, nascidas do bom senso.<\/p>\n<p>Pois bem, em rela\u00e7\u00e3o \u00e0s recentes declara\u00e7\u00f5es machistas e homof\u00f3bicas do Esp\u00fario, Antonio Prata voltou a lamentar que n\u00e3o houvesse algu\u00e9m ao lado da Esp\u00faria Excel\u00eancia para dizer-lhe \u00a0que aquele linguajar estava ultrapassado h\u00e1 cem anos, e que ele mexia num vespeiro.<\/p>\n<p>Ledo engano, caro Pratinha.<\/p>\n<p><img decoding=\"async\" loading=\"lazy\" class=\"alignleft size-medium wp-image-723\" src=\"https:\/\/i0.wp.com\/www.zagaia.blog.br\/wp-content\/uploads\/2017\/03\/17067235.jpeg?resize=300%2C189\" alt=\"\" width=\"300\" height=\"189\" srcset=\"https:\/\/i0.wp.com\/www.zagaia.blog.br\/wp-content\/uploads\/2017\/03\/17067235.jpeg?resize=300%2C189 300w, https:\/\/i0.wp.com\/www.zagaia.blog.br\/wp-content\/uploads\/2017\/03\/17067235.jpeg?w=635 635w\" sizes=\"(max-width: 300px) 100vw, 300px\" data-recalc-dims=\"1\" \/><br \/>\nO Esp\u00fario Temeroso falou n\u00e3o apenas do fundo do cora\u00e7\u00e3o \u2013 e n\u00e3o como um \u00e1rabe do s\u00e9culo XIX (cuidado para n\u00e3o generalizar com meus antepassados) \u2013 e sim como algu\u00e9m que, no fundo pretende, gostaria, tem como objetivo pol\u00edtico exatamente isso: fazer as mulheres \u2013 e os gays e toda essa cambada de tipos que questionam a moralidade pequeno burguesa \u2013 regressar aos seus devidos lugares.<\/p>\n<p>N\u00e3o vai conseguir.<\/p>\n<p>Mas, para quem tem aplicado com firmeza o plano de esculhambar e jogar o Brasil de volta para os \u201cAnos Dourados\u201d, isso \u00e9 fichinha. Ele tenta e continuar\u00e1 tentando, com a bonequinha ao seu lado sorrindo, meiga, recatada e do lar. E procurando os aplausos daquilo que o Nixon j\u00e1 chamou de \u201cmaioria silenciosa\u201d, que deixou de bater panelas mas continua certamente apostando na agenda regressiva do Temeroso.<\/p>\n<p>Tamb\u00e9m acho complicado pensar que o aspone VDM do Deputado Chico Alencar tivesse habilidade suficiente para evitar que seu chefe beijasse a m\u00e3o do A\u00e9cio no regabofe em \u201chomenagem\u201d ao Noblat.<\/p>\n<p>Al\u00e9m de bom senso comum, o aspone VDM teria que ter uma agilidade de maratonista ol\u00edmpico e um senso premonit\u00f3rio de primeira classe, para dar um tapa no Chico antes que ele aproximasse o rosto da m\u00e3o do Aecinho&#8230;<\/p>\n<p>Mas, falando s\u00e9rio (ou n\u00e3o) sobre esse epis\u00f3dio, fa\u00e7o quest\u00e3o de lembrar que bons modos s\u00e3o requisito geralmente necess\u00e1rio no parlamento. Afinal, negocia\u00e7\u00f5es e discuss\u00f5es n\u00e3o precisam ser feitas com o f\u00edgado, e as conversas com pessoas que nos sejam agrad\u00e1veis s\u00e3o feitas em outros ambientes. Na C\u00e2mara e no Senado, trata-se de outra coisa.<\/p>\n<p>Chico Alencar, at\u00e9 agora, tem se revelado um parlamentar consequente e agido de acordo com suas convic\u00e7\u00f5es pol\u00edticas.<\/p>\n<p>Pode ter bebido uma ou duas doses a mais no regabofe do Noblat (e por que ningu\u00e9m se lembra de perguntar quem pagou? Alguma ag\u00eancia de publicidade? Uma empreiteira? Ou que outro tipo de prestador de servi\u00e7os ao governo? Ou ter\u00e1 sido mesmo uma modesta recompensa paga pelos Marinho a um escriba que t\u00e3o bem lhes serve?) e cometido um ato impensado.<\/p>\n<p>A quest\u00e3o \u00e9 estar atento ao que aquele velho alem\u00e3o nascido em Trier chamava de \u201ccretinismo parlamentar\u201d, quando as necess\u00e1rias regras da conviv\u00eancia deixam de s\u00ea-lo para se transformar em contub\u00e9rnio.<\/p>\n<p>Mas que os v\u00e1rios VDM fazem falta, l\u00e1 isso fazem.<\/p>\n","protected":false},"excerpt":{"rendered":"<p>Lu\u00eds Fernando Ver\u00edssimo volta e meia faz uma cr\u00f4nica sobre o que ele considera ser um personagem imprescind\u00edvel nas altas esferas do poder: o Ministro Vai Dar Merda. O MVDM seria um personagem obrigatoriamente presente em todas as reuni\u00f5es e, &hellip; <a href=\"http:\/\/www.zagaia.blog.br\/?p=722\">Continue lendo <span class=\"meta-nav\">&rarr;<\/span><\/a><\/p>\n","protected":false},"author":1,"featured_media":0,"comment_status":"open","ping_status":"open","sticky":false,"template":"","format":"standard","meta":{"jetpack_post_was_ever_published":false},"categories":[1],"tags":[332,329,291,331,330,328],"jetpack_featured_media_url":"","jetpack_shortlink":"https:\/\/wp.me\/p4Lc9A-bE","_links":{"self":[{"href":"http:\/\/www.zagaia.blog.br\/index.php?rest_route=\/wp\/v2\/posts\/722"}],"collection":[{"href":"http:\/\/www.zagaia.blog.br\/index.php?rest_route=\/wp\/v2\/posts"}],"about":[{"href":"http:\/\/www.zagaia.blog.br\/index.php?rest_route=\/wp\/v2\/types\/post"}],"author":[{"embeddable":true,"href":"http:\/\/www.zagaia.blog.br\/index.php?rest_route=\/wp\/v2\/users\/1"}],"replies":[{"embeddable":true,"href":"http:\/\/www.zagaia.blog.br\/index.php?rest_route=%2Fwp%2Fv2%2Fcomments&post=722"}],"version-history":[{"count":1,"href":"http:\/\/www.zagaia.blog.br\/index.php?rest_route=\/wp\/v2\/posts\/722\/revisions"}],"predecessor-version":[{"id":724,"href":"http:\/\/www.zagaia.blog.br\/index.php?rest_route=\/wp\/v2\/posts\/722\/revisions\/724"}],"wp:attachment":[{"href":"http:\/\/www.zagaia.blog.br\/index.php?rest_route=%2Fwp%2Fv2%2Fmedia&parent=722"}],"wp:term":[{"taxonomy":"category","embeddable":true,"href":"http:\/\/www.zagaia.blog.br\/index.php?rest_route=%2Fwp%2Fv2%2Fcategories&post=722"},{"taxonomy":"post_tag","embeddable":true,"href":"http:\/\/www.zagaia.blog.br\/index.php?rest_route=%2Fwp%2Fv2%2Ftags&post=722"}],"curies":[{"name":"wp","href":"https:\/\/api.w.org\/{rel}","templated":true}]}}