{"id":705,"date":"2017-02-08T22:40:54","date_gmt":"2017-02-09T01:40:54","guid":{"rendered":"http:\/\/www.zagaia.blog.br\/?p=705"},"modified":"2017-02-08T22:40:54","modified_gmt":"2017-02-09T01:40:54","slug":"greve-da-policia-e-anomia","status":"publish","type":"post","link":"http:\/\/www.zagaia.blog.br\/?p=705","title":{"rendered":"GREVE DA POL\u00cdCIA E ANOMIA"},"content":{"rendered":"<div id=\"attachment_706\" style=\"width: 470px\" class=\"wp-caption alignleft\"><img aria-describedby=\"caption-attachment-706\" decoding=\"async\" loading=\"lazy\" class=\" wp-image-706\" src=\"https:\/\/i0.wp.com\/www.zagaia.blog.br\/wp-content\/uploads\/2017\/02\/retro.jpg?resize=460%2C291\" alt=\"\" width=\"460\" height=\"291\" srcset=\"https:\/\/i0.wp.com\/www.zagaia.blog.br\/wp-content\/uploads\/2017\/02\/retro.jpg?w=980 980w, https:\/\/i0.wp.com\/www.zagaia.blog.br\/wp-content\/uploads\/2017\/02\/retro.jpg?resize=300%2C190 300w, https:\/\/i0.wp.com\/www.zagaia.blog.br\/wp-content\/uploads\/2017\/02\/retro.jpg?resize=768%2C487 768w\" sizes=\"(max-width: 460px) 100vw, 460px\" data-recalc-dims=\"1\" \/><p id=\"caption-attachment-706\" class=\"wp-caption-text\">LIMA, 6 DE FEBRERO DE 1975. O centro de Lima em chamas<\/p><\/div>\n<p>A primeira observa\u00e7\u00e3o sobre o epis\u00f3dio da greve da pol\u00edcia do Esp\u00edrito Santos, que amea\u00e7a se estender por outros estados, \u00e9 a de que j\u00e1 enfrentamos, em tempos recentes, uma situa\u00e7\u00e3o parecida, com greves nas PMs da Bahia e do Rio de Janeiro, em 2012. O caso foi complicado e as greves s\u00f3 terminaram quando o governo concedeu reajustes salariais aos policiais.<\/p>\n<p>Naquela ocasi\u00e3o, o n\u00famero de assassinatos, roubos e saques cresceu exponencialmente durante a greve, diminuindo apenas quando o Ex\u00e9rcito assumiu o policiamento, que foi mais extenso e com um efetivo maior do que o que est\u00e1 sendo usado atualmente no Esp\u00edrito Santos.<\/p>\n<p>O mesmo tipo de situa\u00e7\u00e3o se configura agora: pol\u00edcia em greve, apoio das mulheres e familiares para disfar\u00e7ar a mobiliza\u00e7\u00e3o (j\u00e1 que, em tese, a pol\u00edcia n\u00e3o pode fazer greve&#8230;), aumento dos crimes.<\/p>\n<p>A prop\u00f3sito, quero lembrar uma experi\u00eancia que vivemos em Lima, no Peru, em fevereiro de 1975.<\/p>\n<p>Mor\u00e1vamos em Lima, como exilados. L\u00e1 pelos dias 3 e 4 de fevereiro daquele ano, j\u00e1 hav\u00edamos notado que o ca\u00f3tico tr\u00e2nsito de Lima havia piorado muito, com a que nos pareceu, ent\u00e3o, uma diminui\u00e7\u00e3o do policiamento.<\/p>\n<p>No dia cinco, t\u00ednhamos um encontro com um de nossos professores de San Marcos, para revisar alguns pontos de interesse comum na mat\u00e9ria. Pelo meio da tarde come\u00e7amos a notar colunas de fuma\u00e7a no centro, e o r\u00e1dio anunciou que a pol\u00edcia estava aquartelada e a cidade sem policiamento.<\/p>\n<p>Conseguimos voltar para casa, tomando um dos t\u00e1xis limenhos (eram todos piratas, na ocasi\u00e3o), e ficamos ouvindo o r\u00e1dio atr\u00e1s de not\u00edcias.<\/p>\n<p>Logo chegaram informa\u00e7\u00f5es de que multid\u00f5es estavam circulando pelo centro, invadindo e saqueando lojas. Uma multid\u00e3o tamb\u00e9m estava cercando o jornal Expreso, que havia sido expropriado e estava controlado pelos jornalistas.<\/p>\n<div id=\"attachment_707\" style=\"width: 310px\" class=\"wp-caption alignleft\"><img aria-describedby=\"caption-attachment-707\" decoding=\"async\" loading=\"lazy\" class=\"wp-image-707 size-medium\" src=\"https:\/\/i0.wp.com\/www.zagaia.blog.br\/wp-content\/uploads\/2017\/02\/retro-1.jpg?resize=300%2C231\" width=\"300\" height=\"231\" srcset=\"https:\/\/i0.wp.com\/www.zagaia.blog.br\/wp-content\/uploads\/2017\/02\/retro-1.jpg?resize=300%2C231 300w, https:\/\/i0.wp.com\/www.zagaia.blog.br\/wp-content\/uploads\/2017\/02\/retro-1.jpg?resize=768%2C591 768w, https:\/\/i0.wp.com\/www.zagaia.blog.br\/wp-content\/uploads\/2017\/02\/retro-1.jpg?w=980 980w\" sizes=\"(max-width: 300px) 100vw, 300px\" data-recalc-dims=\"1\" \/><p id=\"caption-attachment-707\" class=\"wp-caption-text\">O ex\u00e9rcito cerca manifestantes no centro de Lima<\/p><\/div>\n<p>O presidente, Velasco Alvarado, estava enfermo h\u00e1 algum tempo. O poder de fato j\u00e1 era exercido pelo primeiro ministro, Morales Berm\u00fadez, que meses depois cometeu um golpe dentro do golpe (ou dentro de \u201cla revoluci\u00f3n\u201d, como queiram), e assumiu a presid\u00eancia. Para controlar a situa\u00e7\u00e3o, Morales n\u00e3o havia dado ordens para mobiliza\u00e7\u00e3o do ex\u00e9rcito, revelando cis\u00f5es dentro da c\u00fapula governamental e do pr\u00f3prio ex\u00e9rcito.<\/p>\n<p>Ao longe as colunas de fumo mostravam que, no centro, a situa\u00e7\u00e3o era muito complicada.<\/p>\n<p>No final da tarde, o ex\u00e9rcito saiu dos quarteis. Ocupou o quartel da pol\u00edcia e partiu para reprimir os saqueadores.<\/p>\n<p>No dia seguinte, com Estado de Emerg\u00eancia decretado e toque de queda, come\u00e7aram a aparecer alguns detalhes.<\/p>\n<p>&#8211; A multid\u00e3o invadiu enfurecida as lojas do centro da cidade, grandes e pequenas. No Jir\u00f3n de la Uni\u00f3n, uma das ruas comerciais pr\u00f3ximas \u00e0 Plaza de Armas, a viol\u00eancia foi enorme. N\u00e3o s\u00f3 ali, como tamb\u00e9m nas grandes lojas. O saque foi generalizado, n\u00e3o apenas de alimentos e roupas, como tamb\u00e9m de eletrodom\u00e9sticos. Reparti\u00e7\u00f5es p\u00fablicas atacadas viram todas suas m\u00e1quinas de escrever levadas pelos saqueadores.<\/p>\n<div id=\"attachment_708\" style=\"width: 310px\" class=\"wp-caption alignleft\"><img aria-describedby=\"caption-attachment-708\" decoding=\"async\" loading=\"lazy\" class=\"size-medium wp-image-708\" src=\"https:\/\/i0.wp.com\/www.zagaia.blog.br\/wp-content\/uploads\/2017\/02\/retro-2.jpg?resize=300%2C253\" alt=\"\" width=\"300\" height=\"253\" srcset=\"https:\/\/i0.wp.com\/www.zagaia.blog.br\/wp-content\/uploads\/2017\/02\/retro-2.jpg?resize=300%2C253 300w, https:\/\/i0.wp.com\/www.zagaia.blog.br\/wp-content\/uploads\/2017\/02\/retro-2.jpg?resize=768%2C648 768w, https:\/\/i0.wp.com\/www.zagaia.blog.br\/wp-content\/uploads\/2017\/02\/retro-2.jpg?w=980 980w\" sizes=\"(max-width: 300px) 100vw, 300px\" data-recalc-dims=\"1\" \/><p id=\"caption-attachment-708\" class=\"wp-caption-text\">As m\u00e1quinas de escrever das reparti\u00e7\u00f5es p\u00fablicas, especialmente do SINAMOS, o \u00f3rg\u00e3os de mobiliza\u00e7\u00e3o do governo militar peruano.<\/p><\/div>\n<p>&#8211; A reda\u00e7\u00e3o do Expreso esteve cercada por v\u00e1rias horas, com os jornalistas se defendendo, armados, contra a multid\u00e3o.<\/p>\n<p>&#8211; Uma das fotos mais chocantes publicadas depois mostrava uma pequena joalheria no Jir\u00f3n de la Uni\u00f3n com sete cad\u00e1veres: o dono da loja, armado com um rev\u00f3lver, abateu os seis primeiros invasores. O s\u00e9timo o matou.<\/p>\n<p>&#8211; Os relatos e as not\u00edcias mostravam uma situa\u00e7\u00e3o que parecia estar muito pr\u00f3xima da anomia. A multid\u00e3o mostrava ter muita raiva do governo, mas era constitu\u00edda basicamente dos moradores das barriadas (favelas) da \u00e1rea do R\u00edmac, e de Pueblos J\u00f3venes (favelas montadas em terrenos invadidos) da periferia da cidade.<\/p>\n<p>O ataque ao Expreso e a outros jornais controlados pelos jornalistas, favor\u00e1veis \u00e0 chamada \u201cRevoluci\u00f3n de las Fuerzas Armadas\u201d, e o fato de jornais conservadores, como El Com\u00e9rcio, terem sido poupados, levantou a gritaA suspeita era de que, se n\u00e3o provocada diretamente, foi pelo menos instrumentalizada, a partir de algum momento, pelos militantes do APRA.<\/p>\n<p>O APRA \u00e9 uma hist\u00f3ria peculiar do Per\u00fa. Nasceu como um partido populista \u201cde esquerda\u201d nos anos 30, fundado e dirigido por Haya de La Torre, um intelectual que passou v\u00e1rios anos presos e depois foi exilado. O presidente derrubado pelos militares, Bela\u00fande Terry, era do APRA (Bela\u00fande voltou mais tarde \u00e0 presid\u00eancia, eleito novamente, assim como outro \u201cdisc\u00edpulo jovem\u201d de Haya de La Torre, Alan Garc\u00eda, que terminou o mandato acusado de corrup\u00e7\u00e3o pesada).<\/p>\n<p>O APRA, portanto, teria todas as raz\u00f5es para estimular a revolta.<\/p>\n<p>Uma an\u00e1lise posterior mostrou que o APRA efetivamente se infiltrou na manifesta\u00e7\u00e3o e conduziu principalmente os ataques aos jornais e reparti\u00e7\u00f5es.<\/p>\n<p>Mas o impressionante foi o fato de que a popula\u00e7\u00e3o marginalizada, provavelmente estimulada n\u00e3o pelo APRA, mas pela marginalidade, percebeu a aus\u00eancia do policiamento e promoveu os saques.<\/p>\n<p>Quando o ex\u00e9rcito saiu dos quarteis, ocupou sem maiores problemas o quartel da pol\u00edcia, mas reprimiu selvagemente a popula\u00e7\u00e3o nas ruas. Nada de tiros para o alto: as metralhadoras dos tanques disparavam direto na multid\u00e3o, ceifando um n\u00famero at\u00e9 hoje indeterminado de v\u00edtimas. Foi um banho de sangue.<\/p>\n<p>Consideramos que aquele momento, embora incentivada pelo APRA, foi uma amostra do mais pr\u00f3ximo que poder\u00edamos pensar de uma situa\u00e7\u00e3o an\u00f4mica. A multid\u00e3o se revoltara para saquear e simplesmente isso. N\u00e3o havia, de fato, nenhuma dire\u00e7\u00e3o pol\u00edtica aparente (salvo nos j\u00e1 mencionados grupos que atacaram os jornais). Era uma massa descontrolada que invadia, quebrava e saqueava o que foi vendo pela frente.<\/p>\n<p>Uma experi\u00eancia que, sinceramente, n\u00e3o gostaria de reviver.<\/p>\n<p>Especialmente pelo car\u00e1ter an\u00e1rquico e descontrolado daquilo tudo. N\u00e3o era uma multid\u00e3o em busca de derrubar o poder, conquista-lo para si ou para quem quer que seja. Era simplesmente a express\u00e3o do \u00f3dio e da raiva&#8230; e da gan\u00e2ncia. A extens\u00e3o dos saques mostrou que realmente n\u00e3o haviam objetivos pol\u00edticos, e sim a mais visceral manifesta\u00e7\u00e3o de \u00f3dio e raiva, com o fundo das car\u00eancias materiais da popula\u00e7\u00e3o.<\/p>\n","protected":false},"excerpt":{"rendered":"<p>A primeira observa\u00e7\u00e3o sobre o epis\u00f3dio da greve da pol\u00edcia do Esp\u00edrito Santos, que amea\u00e7a se estender por outros estados, \u00e9 a de que j\u00e1 enfrentamos, em tempos recentes, uma situa\u00e7\u00e3o parecida, com greves nas PMs da Bahia e do &hellip; <a href=\"http:\/\/www.zagaia.blog.br\/?p=705\">Continue lendo <span class=\"meta-nav\">&rarr;<\/span><\/a><\/p>\n","protected":false},"author":1,"featured_media":0,"comment_status":"open","ping_status":"open","sticky":false,"template":"","format":"standard","meta":{"jetpack_post_was_ever_published":false},"categories":[1],"tags":[319,317,291,316,318],"jetpack_featured_media_url":"","jetpack_shortlink":"https:\/\/wp.me\/p4Lc9A-bn","_links":{"self":[{"href":"http:\/\/www.zagaia.blog.br\/index.php?rest_route=\/wp\/v2\/posts\/705"}],"collection":[{"href":"http:\/\/www.zagaia.blog.br\/index.php?rest_route=\/wp\/v2\/posts"}],"about":[{"href":"http:\/\/www.zagaia.blog.br\/index.php?rest_route=\/wp\/v2\/types\/post"}],"author":[{"embeddable":true,"href":"http:\/\/www.zagaia.blog.br\/index.php?rest_route=\/wp\/v2\/users\/1"}],"replies":[{"embeddable":true,"href":"http:\/\/www.zagaia.blog.br\/index.php?rest_route=%2Fwp%2Fv2%2Fcomments&post=705"}],"version-history":[{"count":1,"href":"http:\/\/www.zagaia.blog.br\/index.php?rest_route=\/wp\/v2\/posts\/705\/revisions"}],"predecessor-version":[{"id":709,"href":"http:\/\/www.zagaia.blog.br\/index.php?rest_route=\/wp\/v2\/posts\/705\/revisions\/709"}],"wp:attachment":[{"href":"http:\/\/www.zagaia.blog.br\/index.php?rest_route=%2Fwp%2Fv2%2Fmedia&parent=705"}],"wp:term":[{"taxonomy":"category","embeddable":true,"href":"http:\/\/www.zagaia.blog.br\/index.php?rest_route=%2Fwp%2Fv2%2Fcategories&post=705"},{"taxonomy":"post_tag","embeddable":true,"href":"http:\/\/www.zagaia.blog.br\/index.php?rest_route=%2Fwp%2Fv2%2Ftags&post=705"}],"curies":[{"name":"wp","href":"https:\/\/api.w.org\/{rel}","templated":true}]}}