{"id":682,"date":"2017-01-23T17:45:48","date_gmt":"2017-01-23T20:45:48","guid":{"rendered":"http:\/\/www.zagaia.blog.br\/?p=682"},"modified":"2017-01-23T17:48:33","modified_gmt":"2017-01-23T20:48:33","slug":"a-leseira-bare-1-e-o-crime-desorganizado","status":"publish","type":"post","link":"http:\/\/www.zagaia.blog.br\/?p=682","title":{"rendered":"A LESEIRA BAR\u00c9 (1) E O CRIME (DES)ORGANIZADO"},"content":{"rendered":"<p><strong>Not\u00edcias de Manaus.<\/strong><\/p>\n<p>Os coment\u00e1rios s\u00e3o de que os fugitivos l\u00e1 da penitenci\u00e1ria do massacre foram em quantidade muito maior que a reconhecida pelo governo Melo Merenda (ou Merda, como preferirem). A popula\u00e7\u00e3o anda em p\u00e2nico, \u00e9 claro, e os truculentos aproveitando a onda.<\/p>\n<p>Para al\u00e9m da tal Ummanizare (que nome conveniente para um conduite de propina e viol\u00eancia) pagar \u2013 consta \u2013 uma \u201cmensalidade\u201d para as \u201cotoridades\u201d correspondentes, vai aqui uma historinha que seria deliciosa se n\u00e3o fosse proveniente daquela trag\u00e9dia.<\/p>\n<p>Um grupo de fugitivos, aparentemente n\u00e3o vinculados a alguma fac\u00e7\u00e3o, acabaram se embrenhando <sup>2<\/sup> pelas matas que ficam perto do campus da UFAM. Subitamente, encontram uma bela jaqueira carregada. Famintos, derrubam jacas e come\u00e7am a se empanturrar.<\/p>\n<p>A\u00ed \u00e9 que entra a leseira bar\u00e9. Al\u00e9m de comer, os lesos tiram selfies com seus celulares e tascam pelas redes sociais. <em>\u00d3 n\u00f3is aqui, maninho&#8230;<\/em><\/p>\n<p>E caem na modorra p\u00f3s-prandial, como exemplares devotos da &#8220;santa&#8221; Etelvina, a padroeira dos lesos.<\/p>\n<p>Acordam com os meganhas apontando as metralhas nas fu\u00e7as deles. E s\u00e3o levados sabe-se l\u00e1 para que nova pris\u00e3o.<\/p>\n<div id=\"attachment_683\" style=\"width: 269px\" class=\"wp-caption alignleft\"><img aria-describedby=\"caption-attachment-683\" decoding=\"async\" loading=\"lazy\" class=\"size-full wp-image-683\" src=\"https:\/\/i0.wp.com\/www.zagaia.blog.br\/wp-content\/uploads\/2017\/01\/etelvina-3.jpg?resize=259%2C194\" alt=\"\" width=\"259\" height=\"194\" data-recalc-dims=\"1\" \/><p id=\"caption-attachment-683\" class=\"wp-caption-text\">T\u00famulo da &#8220;santa&#8221; Etelvina, a padroeira dos lesos, \u00a0no Cemit\u00e9rio S. Jo\u00e3o Batista, em Manaus.<\/p><\/div>\n<p>1 \u2013 A leseira \u00e9 um estado de idiotice que, segundo alguns, decorre da intensa exposi\u00e7\u00e3o ao sol tropical. A leseira bar\u00e9, t\u00edpica dos manauaras desprevenidos, tem at\u00e9 uma padroeira. \u00c9 a \u201csanta\u201d Etelvina, padroeira dos lesos. A raz\u00e3o dessa consagra\u00e7\u00e3o \u00e9 simples. Etelvina era uma jovem cearense emigrada ao Amazonas, l\u00e1 pelo come\u00e7o do S\u00e9culo XX. Tinha um namorado que a convidou para dar um passeio pelo Aleixo, ent\u00e3o um lugar que era plena mata. L\u00e1, o mancebo quis ir \u00e0s vias de fato com a manceba que, cat\u00f3lica e lesa em\u00e9rita (vai pro mato com o namorado), recusou. Este a estuprou e assassinou, rumoros\u00edssimo caso na \u00e9poca em que a Igreja Cat\u00f3lica ultramontana fabricava santas aos montes das mocinhas que \u201cdefendiam sua pureza\u201d. Etelvina n\u00e3o foi canonizada,mas seu t\u00famulo \u00e9 lugar de romaria no dia de finados, e os lesos com os mais variados problemas rezam por sua intercess\u00e3o&#8230;<\/p>\n<p>A leseira geralmente tem manifesta\u00e7\u00f5es espec\u00edficas em cada lugar (a \u00faltima dos paulistanos, por exemplo, foi colocar o limpinho e cheiroso na prefeitura).<\/p>\n<p>Existe uma explica\u00e7\u00e3o altamente cient\u00edfica do professor Galv\u00e3o, eminente psicanalista bar\u00e9 (n\u00e3o leso), nas p\u00e1ginas finais do romance \u201cA Resist\u00edvel Ascens\u00e3o do Boto Tucuxi\u201d, do M\u00e1rcio Souza, ilustrado pelo Paulo Caruso, e com direito a um infogr\u00e1fico da \u201cPir\u00e2mide da Estagna\u00e7\u00e3o Cr\u00edtica na Personalidade Extrativista\u201d. Edi\u00e7\u00e3o da falecida Marco Zero, s\u00f3 em sebos.<\/p>\n<div id=\"attachment_684\" style=\"width: 236px\" class=\"wp-caption alignleft\"><img aria-describedby=\"caption-attachment-684\" decoding=\"async\" loading=\"lazy\" class=\"size-medium wp-image-684\" src=\"https:\/\/i0.wp.com\/www.zagaia.blog.br\/wp-content\/uploads\/2017\/01\/Scanner_20170123.jpg?resize=226%2C300\" alt=\"\" width=\"226\" height=\"300\" srcset=\"https:\/\/i0.wp.com\/www.zagaia.blog.br\/wp-content\/uploads\/2017\/01\/Scanner_20170123.jpg?resize=226%2C300 226w, https:\/\/i0.wp.com\/www.zagaia.blog.br\/wp-content\/uploads\/2017\/01\/Scanner_20170123.jpg?resize=768%2C1018 768w, https:\/\/i0.wp.com\/www.zagaia.blog.br\/wp-content\/uploads\/2017\/01\/Scanner_20170123.jpg?resize=772%2C1024 772w, https:\/\/i0.wp.com\/www.zagaia.blog.br\/wp-content\/uploads\/2017\/01\/Scanner_20170123.jpg?w=1031 1031w\" sizes=\"(max-width: 226px) 100vw, 226px\" data-recalc-dims=\"1\" \/><p id=\"caption-attachment-684\" class=\"wp-caption-text\">O infogr\u00e1fico do Psicanalista Dr. Galv\u00e3o, explicando a leseira bar\u00e9.<\/p><\/div>\n<p>Agora me digam, a \u201cSanta\u201d Etelvina n\u00e3o merece ser a padroeira e os fugitivos leg\u00edtimos representantes da leseira bar\u00e9?<\/p>\n<p><sup>2<\/sup> &#8211; Essa hist\u00f3ria de embrenhar na mata (pleonasmo, <em>of course<\/em>), me lembra outro velho pol\u00edtico amazonense, cujo nome n\u00e3o citarei, que era admirador do Dr. Adhemar de Barros (o pol\u00edtico amazonense era leso leso, o Dr. Adhemar de leso n\u00e3o tinha nada).<\/p>\n<p>Em uma das tantas campanhas presidenciais nas quais no, final das contas, o Dr. Adhemar negociava seus apoios, o candidato montou uma trupe de paraquedistas que sa\u00edam pulando de um DC-3 pelo pa\u00eds afora. L\u00e1 em Manaus, os paraquedistas do Adhemar ca\u00edram na floresta, e o leso comentou: \u201cOs paraquedistas do Adhemar se <strong>emprenharam<\/strong> na mata\u201d.<\/p>\n<p>N\u00e3o \u00e9 outro exemplo luminoso de leseira?<\/p>\n","protected":false},"excerpt":{"rendered":"<p>Not\u00edcias de Manaus. Os coment\u00e1rios s\u00e3o de que os fugitivos l\u00e1 da penitenci\u00e1ria do massacre foram em quantidade muito maior que a reconhecida pelo governo Melo Merenda (ou Merda, como preferirem). A popula\u00e7\u00e3o anda em p\u00e2nico, \u00e9 claro, e os &hellip; <a href=\"http:\/\/www.zagaia.blog.br\/?p=682\">Continue lendo <span class=\"meta-nav\">&rarr;<\/span><\/a><\/p>\n","protected":false},"author":1,"featured_media":0,"comment_status":"open","ping_status":"open","sticky":false,"template":"","format":"standard","meta":{"jetpack_post_was_ever_published":false},"categories":[1],"tags":[291],"jetpack_featured_media_url":"","jetpack_shortlink":"https:\/\/wp.me\/p4Lc9A-b0","_links":{"self":[{"href":"http:\/\/www.zagaia.blog.br\/index.php?rest_route=\/wp\/v2\/posts\/682"}],"collection":[{"href":"http:\/\/www.zagaia.blog.br\/index.php?rest_route=\/wp\/v2\/posts"}],"about":[{"href":"http:\/\/www.zagaia.blog.br\/index.php?rest_route=\/wp\/v2\/types\/post"}],"author":[{"embeddable":true,"href":"http:\/\/www.zagaia.blog.br\/index.php?rest_route=\/wp\/v2\/users\/1"}],"replies":[{"embeddable":true,"href":"http:\/\/www.zagaia.blog.br\/index.php?rest_route=%2Fwp%2Fv2%2Fcomments&post=682"}],"version-history":[{"count":5,"href":"http:\/\/www.zagaia.blog.br\/index.php?rest_route=\/wp\/v2\/posts\/682\/revisions"}],"predecessor-version":[{"id":689,"href":"http:\/\/www.zagaia.blog.br\/index.php?rest_route=\/wp\/v2\/posts\/682\/revisions\/689"}],"wp:attachment":[{"href":"http:\/\/www.zagaia.blog.br\/index.php?rest_route=%2Fwp%2Fv2%2Fmedia&parent=682"}],"wp:term":[{"taxonomy":"category","embeddable":true,"href":"http:\/\/www.zagaia.blog.br\/index.php?rest_route=%2Fwp%2Fv2%2Fcategories&post=682"},{"taxonomy":"post_tag","embeddable":true,"href":"http:\/\/www.zagaia.blog.br\/index.php?rest_route=%2Fwp%2Fv2%2Ftags&post=682"}],"curies":[{"name":"wp","href":"https:\/\/api.w.org\/{rel}","templated":true}]}}