{"id":67,"date":"2014-09-03T19:04:35","date_gmt":"2014-09-03T22:04:35","guid":{"rendered":"http:\/\/www.zagaia.blog.br\/?p=67"},"modified":"2014-09-03T19:04:35","modified_gmt":"2014-09-03T22:04:35","slug":"neca-de-pitibiribas-e-katia-miss-moto-serra-de-abreu","status":"publish","type":"post","link":"http:\/\/www.zagaia.blog.br\/?p=67","title":{"rendered":"NECA DE PITIBIRIBAS E K\u00c1TIA MISS MOTO-SERRA DE ABREU"},"content":{"rendered":"<p>Jos\u00e9 Bessa \u00e9 meu grande amigo de mais de quarenta anos. Foi uma das primeiras pessoas para quem abri espa\u00e7o aqui no Zagaia, e venho publicando seus artigos semanais com bastante regularidade. Al\u00e9m de grande conhecedor das quest\u00f5es ind\u00edgenas \u2013 tanto da Amaz\u00f4nia quanto do Rio de Janeiro \u2013 o Bessa escreve de modo delicioso. Penso nele como uma esp\u00e9cie de Stanislaw Ponte-Preta revivido.<\/p>\n<p>Geralmente concordo com quase tudo que ele escreve. Quase tudo.\u00a0 Recebo o e-mail com o link no domingo e vou rapidamente at\u00e9 o site <a onclick=\"javascript:pageTracker._trackPageview('\/outgoing\/www.taquiprati.com.br');\"  href=\"http:\/\/www.taquiprati.com.br\">www.taquiprati.com.br<\/a>. Esta semana n\u00e3o recebi. Mas fui l\u00e1 ver.<\/p>\n<p>E achei um post com o qual n\u00e3o concordo. Como n\u00e3o brigo com meus amigos por conta de pol\u00edtica, e levo o Bessa muito a s\u00e9rio, parei para pensar e resolvi comentar o que ele escreveu.<\/p>\n<p>Aqui est\u00e1 a foto do come\u00e7o do post, que n\u00e3o reproduzo totalmente para este n\u00e3o ficar comprido demais. Mas voc\u00eas j\u00e1 sabem onde est\u00e1. V\u00e3o at\u00e9 l\u00e1 para ler:<\/p>\n<p><a onclick=\"javascript:pageTracker._trackPageview('\/downloads\/wp-content\/uploads\/2014\/09\/taqui-prati.jpg');\"  href=\"https:\/\/i0.wp.com\/www.zagaia.blog.br\/wp-content\/uploads\/2014\/09\/taqui-prati.jpg\"><img decoding=\"async\" loading=\"lazy\" class=\"aligncenter size-full wp-image-68\" src=\"https:\/\/i0.wp.com\/www.zagaia.blog.br\/wp-content\/uploads\/2014\/09\/taqui-prati.jpg?resize=640%2C585\" alt=\"taqui prati\" width=\"640\" height=\"585\" srcset=\"https:\/\/i0.wp.com\/www.zagaia.blog.br\/wp-content\/uploads\/2014\/09\/taqui-prati.jpg?w=773 773w, https:\/\/i0.wp.com\/www.zagaia.blog.br\/wp-content\/uploads\/2014\/09\/taqui-prati.jpg?resize=300%2C273 300w, https:\/\/i0.wp.com\/www.zagaia.blog.br\/wp-content\/uploads\/2014\/09\/taqui-prati.jpg?resize=328%2C300 328w\" sizes=\"(max-width: 640px) 100vw, 640px\" data-recalc-dims=\"1\" \/><\/a><\/p>\n<p>Sim, meu amigo Jos\u00e9 Bessa, que foi fundador e presidente do PT no Amazonas, virou sonh\u00e1tico. E pergunta, no post, qual a raz\u00e3o pela qual \u201cuma incerta esquerda\u201d bombardeia uma das herdeiras do Ita\u00fa e, aceita como normal que a senadora K\u00e1tia Abreu &#8211; que o Bessa apelidou, ou pelo menos divulgou, com o delicioso apelido de Miss Moto-Serra \u2013 esteja do lado da Dilma. E desafia os argumentos da certa direita e da incerta esquerda.<\/p>\n<p>E termina o post assim: \u201cNenhum eleitor encontrar\u00e1 um candidato que atenda integralmente suas expectativas. De qualquer forma, ser\u00e1 um privil\u00e9gio o Brasil poder decidir entre candidatas como Dilma e Marina, duas ex-ministras de Lula, igualmente dignas, corretas e limpas, submetidas \u00e0s alian\u00e7as e media\u00e7\u00f5es do poder. Embate entre K\u00e1tia Abreu e Alice Set\u00fabal? Necas de pitibiribas.\u201d<\/p>\n<p><!--more--><\/p>\n<p>N\u00e3o vou entrar na argumenta\u00e7\u00e3o nem da \u201ccerta direita e da incerta esquerda\u201d. N\u00e3o tenho nada a ver nem com os articulistas da Veja e tampouco com Emir Sader .<\/p>\n<p>Vou aqui por conta pr\u00f3pria.<\/p>\n<p>Na verdade, a resposta pode ser sinteticamente simples: Neca Set\u00fabal \u00e9 soci\u00f3loga e educadora, e respeitada principalmente como educadora. Concordo. Mas seu papel nessa hist\u00f3ria toda repousa basicamente no fato dela ser amiga e entusiasta da Marina e, com seu pr\u00f3prio dinheiro (que, sabemos, n\u00e3o \u00e9 troco de nenhum de n\u00f3s), ter ajudado a manter a estrutura da Rede \u2013 essa tentativa furada da MS de ter seu pr\u00f3prio partido \u2013 e, sobretudo, ser uma das coordenadoras do programa da candidata MS. Nem sei se ela \u00e9 a respons\u00e1vel pela falta de revis\u00e3o final do programa ou n\u00e3o. N\u00e3o importa. Neca Set\u00fabal est\u00e1 l\u00e1 no olho do furac\u00e3o, por conta de sua amizade, de seus conhecimentos E por ser uma das herdeiras do Ita\u00fa.<\/p>\n<p>E a Miss Moto-Serra? K\u00e1tia Abreu \u00e9 Senadora da Rep\u00fablica, eleita por Tocantins. E Presidente da Confedera\u00e7\u00e3o Nacional da Agricultura. J\u00e1 fez oposi\u00e7\u00e3o \u00e0 Dilma, trafegou por outros partidos e hoje \u00e9 candidata \u00e0 reelei\u00e7\u00e3o por uma coliga\u00e7\u00e3o que inclui PMDB-PT (ela se filiou a esse partido bem ideol\u00f3gico, como sabemos que \u00e9 o PMDB).<\/p>\n<p>A primeira resposta, e a mais simples \u2013 e simpl\u00f3ria \u2013 \u00e9 essa mesma: K\u00e1tia Abreu \u00e9 Senadora da Rep\u00fablica. Vota no Congresso. E representa os interesses do agroneg\u00f3cio.<\/p>\n<p>Mas seria um insulto n\u00e3o apenas \u00e0 intelig\u00eancia do Bessa, como tamb\u00e9m \u00e0 minha, se parasse por a\u00ed. Ent\u00e3o, pensei, vou acrescentar mais algumas coisas.<\/p>\n<p>O Bessa foi fundador e presidente do PT do Amazonas. Ent\u00e3o come\u00e7o dizendo: tamb\u00e9m ralei para conseguir as assinaturas para a legaliza\u00e7\u00e3o do PT \u2013 que foram muito mais que as 600.000 que MS n\u00e3o conseguiu \u2013 e ainda nos estertores da ditadura. N\u00e3o foi f\u00e1cil.<\/p>\n<p>N\u00e3o participo de nenhuma estrutura partid\u00e1ria. J\u00e1 votei em candidatos que n\u00e3o eram do PT.<\/p>\n<p>Tamb\u00e9m n\u00e3o acompanho as vicissitudes do PT do Amazonas. Mas, por todos os relatos que conhe\u00e7o, parece que \u00e9 uma merda. Apoiou o Alfredo Nascimento em troca de ficar como suplente de senador do personagem. O PT do Amazonas parece com o do Maranh\u00e3o, que n\u00e3o teve nem tem espinha para deixar de apoiar o sarneysismo. E lembro que o PT do Rio de Janeiro sofreu um enorme preju\u00edzo moral e eleitoral quando foi obrigado pelo Dirceu a apoiar o Garotinho, insensatez da qual s\u00f3 recentemente come\u00e7ou a se recuperar.<\/p>\n<p>Em uma frase: voto no PT, mas sei perfeitamente quais s\u00e3o as limita\u00e7\u00f5es e os problemas do partido. N\u00e3o \u00e9, nem nunca foi, o doce de coco que muitos pensaram que fosse, e nunca me iludi com isso. Partido eleitoral na sociedade burguesa existe para ganhar elei\u00e7\u00e3o. Caso contr\u00e1rio, vira piada, um desses PSTU e PCO que, como partidos, n\u00e3o servem para nada.<\/p>\n<p>Mas, voltemos \u00e0 herdeira do banqueiro e \u00e0 senadora.<\/p>\n<p>As pessoas se esquecem que nem o governo Lula nem o governo Dilma s\u00e3o governos exclusivamente \u00a0do PT. S\u00e3o governos de coaliza\u00e7\u00e3o. E coaliza\u00e7\u00e3o rima, realmente, com complica\u00e7\u00e3o e muuuuita paci\u00eancia (que n\u00e3o \u00e9 rima, mas realidade).<\/p>\n<p>Ent\u00e3o, comecemos por alguns problemas especificamente levantados pelo Bessa, em v\u00e1rios outros momentos. O principal, que gostaria de tocar \u00e9 o da demarca\u00e7\u00e3o das terras ind\u00edgenas. J\u00e1 dizia o Darcy Ribeiro, em um livro ainda do come\u00e7o da d\u00e9cada de 60 (\u201cOs \u00cdndios e a Civiliza\u00e7\u00e3o\u201d), que a identidade ind\u00edgena \u00e9 um processo extremamente complexo. O avan\u00e7o das frentes de expans\u00e3o fez que muitas etnias praticamente \u201csubmergissem\u201d. Perderam suas terras e sua identidade. Passaram a ser \u201c\u00edndios gen\u00e9ricos\u201d e, depois, simplesmente \u201ccaboclos\u201d.\u00a0 Grilagem, assassinatos e o processo de expans\u00e3o das frentes agr\u00edcolas foram complicando cada vez mais a pr\u00f3pria caracteriza\u00e7\u00e3o da popula\u00e7\u00e3o ind\u00edgena e de suas terras. Depois da Constitui\u00e7\u00e3o de 1988, esse processo come\u00e7ou a reverter. Muitas etnias passaram a recuperar seu processo identit\u00e1rio e reivindicar suas terras. Particularmente nos dois mandados do Lula, a demarca\u00e7\u00e3o e titula\u00e7\u00e3o das terras ind\u00edgenas avan\u00e7ou consideravelmente.\u00a0 Not\u00e1vel foi a demarca\u00e7\u00e3o da reserva Raposa Serra do Sol, que exigiu a expuls\u00e3o de arrozeiros que grilavam a regi\u00e3o. E o ataque a essa demarca\u00e7\u00e3o foi feito usando desde as alega\u00e7\u00f5es de que os arrozeiros ocupavam terras com produ\u00e7\u00e3o, at\u00e9 acusa\u00e7\u00f5es de que o pa\u00eds perdia a soberania de parcela do territ\u00f3rio nacional, que as reservas de ni\u00f3bio e outros metais raros da regi\u00e3o seriam apropriados pelos \u201cambientalistas estrangeiros\u201d, e outro monte de bobagens. Mas a reserva foi demarcada.<\/p>\n<p>Esse ritmo certamente diminuiu durante o Governo Dilma.\u00a0 \u00c9 lament\u00e1vel. E \u00e9 preciso pressionar sempre a Funai e o Minist\u00e9rio da Justi\u00e7a para voltar a acelerar esse processo. Note-se, por\u00e9m, que grande parte dessas \u00e9reas ainda n\u00e3o demarcadas est\u00e1 sob demanda judicial. E est\u00e1 sob demanda porque sua ocupa\u00e7\u00e3o ocorreu em um processo de d\u00e9cadas de a\u00e7\u00e3o das frentes de expans\u00e3o, e a frente pecu\u00e1ria foi uma das mais ativas, principalmente no Centro-Oeste. Mas existem tamb\u00e9m regi\u00f5es consider\u00e1veis ocupadas por pequenos agricultores, esses mesmos j\u00e1 expulsos de suas terras originais pelas mais diferentes raz\u00f5es. \u00c9 f\u00e1cil dizer que o Governo Federal devia agir mais vigorosamente. Mas afinal, ou se respeita o processo judicial, ou se instala o caos.<\/p>\n<p>Tudo isso cria uma enorme confus\u00e3o n\u00e3o apenas jur\u00eddica, como tamb\u00e9m social. Se as terras eram originalmente dos povos ind\u00edgenas, est\u00e3o hoje ocupadas de forma muito diversificada, e esses imbr\u00f3glios t\u00eam que ser destrinchados caso a caso.<\/p>\n<p>As press\u00f5es de latifundi\u00e1rios s\u00e3o encabe\u00e7adas pela K\u00e1tia Abreu. As dos pequenos agricultores muitas vezes s\u00e3o encampadas pelas Federa\u00e7\u00f5es de Trabalhadores Agr\u00edcolas e pela pr\u00f3pria Contag. E a dos povos ind\u00edgenas defendidas pela a\u00e7\u00e3o da pr\u00f3pria Funai, do Cimi, de ONGs voltadas para a defesa da causa ind\u00edgena. Ora, a disputa por si s\u00f3 n\u00e3o \u00e9 ileg\u00edtima. Esse \u00e9 um ponto central. Nossa sociedade \u00e9 caracterizada exatamente pelas contradi\u00e7\u00f5es de classe, de interesses econ\u00f4micos, sociais e pol\u00edticos. N\u00e3o basta dizer \u201ca Constitui\u00e7\u00e3o garante o direito dos povos ind\u00edgenas\u201d. Direito no papel n\u00e3o existe, tem sempre que ser conquistado. E pensar que se pode exigir do Governo Federal \u2013 ou de qualquer inst\u00e2ncia administrativa \u2013 que esque\u00e7a essas press\u00f5es derivadas de interesses contradit\u00f3rios \u00e9 simplesmente ilus\u00f3rio. Existem processos de negocia\u00e7\u00e3o e inst\u00e2ncias judiciais. Felizmente j\u00e1 vivemos em uma sociedade democr\u00e1tica, e nessa \u00e9 leg\u00edtimo que cada uma das partes defenda seus interesses, complicando muito a media\u00e7\u00e3o e decis\u00e3o sobre esses conflitos.<\/p>\n<p>Da\u00ed a import\u00e2ncia que os movimentos sociais, os defensores das causas ind\u00edgenas e ambientais estejam sempre mobilizados e interferindo nessas disputas. Quanto mais press\u00e3o, menos condi\u00e7\u00f5es para que a formuladora da \u201cabreugrafia\u201d (outra achado \u00f3timo do Bab\u00e1 para definir a pesquisa fajut\u00edssima que a Miss Moto-Serra inventou) ganhe espa\u00e7o. Esse \u00e9 o terreno da luta social.<\/p>\n<p>Um campo diferente, mas igualmente fundamental, \u00e9 o da luta institucional, dentro do Congresso e no Executivo, e para isso \u00e9 que temos elei\u00e7\u00f5es em uma democracia representativa. E l\u00e1 no Congresso a Senadora tem seu peso espec\u00edfico, que n\u00e3o pode ser desprezado. Os eleitores de Tocantins \u00e9 que podem defenestr\u00e1-la nas urnas.<\/p>\n<p>No meu post anterior cito precisamente uma situa\u00e7\u00e3o em que a posi\u00e7\u00e3o principista da Marina Silva levou a um impasse pol\u00edtico dentro do governo, que ela simplesmente n\u00e3o teve a agilidade parra resolver. Foi preciso o Minc assumir para desenrolar o n\u00f3. E a porcaria da estrada Porto Velho-Manaus n\u00e3o foi constru\u00edda, e nem ser\u00e1. O que n\u00e3o quer dizer que as disputas em torno disso cessaram. Engana-se quem pensar assim. As press\u00f5es v\u00e3o voltar, e ter\u00e3o novamente que ser administradas.<\/p>\n<p>A quest\u00e3o fundamental de um governo de coaliz\u00e3o \u00e9 a manuten\u00e7\u00e3o de um eixo. E esse eixo, na administra\u00e7\u00e3o do Lula e da Dilma, \u00e9 claro: o desenvolvimento \u00e9 para beneficiar as parcelas mais pobres da popula\u00e7\u00e3o. Evidentemente, segmentos industriais, agr\u00edcolas e financeiros tamb\u00e9m lucram com isso. Ali\u00e1s, \u00e9 uma premissa. E exige tamb\u00e9m o aumento da capacidade de atua\u00e7\u00e3o do Estado . O que n\u00e3o pode ser feito \u00e9 promover o desenvolvimento a custas de desemprego. Porque, nesse caso, quem ganha exclusivamente s\u00e3o os donos. E \u00e9 a\u00ed que a porca torce o rabo. E a cutia tamb\u00e9m.<\/p>\n<p>O governo \u00e9 SEMPRE um exerc\u00edcio de administrar tens\u00f5es e contradi\u00e7\u00f5es. Essas tens\u00f5es aparecem DENTRO da estrutura governamental. O exemplo que j\u00e1 citei \u00e9 o da Porto Velho-Manaus, e a disputa entre o MT e o MMA. Mas essas tens\u00f5es e contradi\u00e7\u00f5es ocorrem PRINCIPALMENTE no Parlamento.<\/p>\n<p>E \u00e9 a\u00ed que cada voto conta, inclusive a da mencionada Miss Moto-Serra. A tal \u201cbase\u201d nem sempre vota de acordo com o Governo. \u00c9 natural. Afinal, os interesses de classe, de segmentos sociais e os de cada parlamentar \u2013 deputado ou senador \u2013 pesam a cada instante. \u00c0s vezes se ganha e \u00e0s vezes se perde.<\/p>\n<p>E tem mais. Exigir a libera\u00e7\u00e3o de verbas para projetos que beneficiam seus constituintes, para votar isso ou aquilo, simplesmente faz parte do arsenal de recursos dispon\u00edveis pelo parlamentar, que quer estradas, escolas, hospitais e outras obras para as \u00e1reas que o elegeram.\u00a0 \u00c9 pura hipocrisia pensar que isso \u00e9 um \u201ctoma l\u00e1, d\u00e1 c\u00e1\u201d. Um dos papeis centrais do parlamentar \u00e9 votar o or\u00e7amento e batalhar para que sua regi\u00e3o seja beneficiada. E isso acontece em todos os pa\u00edses do mundo.<\/p>\n<p>Como dizia o marqueteiro do Clinton (acho que foi ele): \u201c\u00c9 a economia, est\u00fapido\u201d.\u00a0 E a Marina, em primeiro lugar, se compromete com a pol\u00edtica econ\u00f4mica recessiva, privatista e defensora do estado m\u00ednimo da dona Neca, do sr. Gianetti e o resto de sua entourage. E n\u00e3o adianta dizer que vai \u201ccontinuar\u201d as pol\u00edticas sociais e distributivas dos governos do Lula e da Dilma. Simplesmente porque essas pol\u00edticas s\u00e3o INCOMPAT\u00cdVEIS com as propostas econ\u00f4micas e de organiza\u00e7\u00e3o do Estado defendidas pela equipe que ela escolheu.<\/p>\n<p>Quando se compara as condi\u00e7\u00f5es de atua\u00e7\u00e3o da Marina com o Collor e com o J\u00e2nio, fica injusto da sua parte dizer que \u201co Collor n\u00e3o se aliou a ela\u201d. Sabemos perfeitamente que n\u00e3o se trata disso, e sim da incapacidade de articular conflitos diversos para conseguir aprovar seus programas e isolar, quem impossibilitaria a continuidade dos rumos b\u00e1sicos na economia, e COMO CONSEQU\u00caNCIA, das pol\u00edticas sociais.<\/p>\n<p>O Collor tentou superar sua falta de capacidade de articula\u00e7\u00e3o, primeiro cercando-se de tecnocratas e querendo ganhar no grito. Conseguiu durante um curto per\u00edodo, com o apoio do PIG, que se esfor\u00e7ou para o eleger contra o Lula. Depois, tentando usar o \u201c$$$poder$$$\u201d do PC Farias para neutralizar um monte de gente. N\u00e3o d\u00e1. N\u00e3o deu. O Congresso e os parlamentarem em particular terminam por n\u00e3o aceitar isso. Porque querem sua parcela do poder, t\u00eam interesses de quem os elegeu e dos segmentos que representam. \u00c9 claro que pol\u00edticos corruptos existem, prontos para se vender simplesmente por grana. Mas a grande e absoluta maioria quer poder. Poder para defender os interesses em nome dos quais foram eleitos, e que mostra t\u00e3o simplesmente as contradi\u00e7\u00f5es, a complexidade e a diversidade da sociedade brasileira.<\/p>\n<p>Essa articula\u00e7\u00e3o dentro do Congresso deve ser contraposta pela press\u00e3o dos movimentos sociais. Por isso mesmo, combater a Miss Moto-Serra nas ruas \u00e9 importante e necess\u00e1rio. T\u00e3o importante quanto criticar determinados aspectos da pol\u00edtica econ\u00f4mica que, por necess\u00e1rios que sejam para a estabilidade monet\u00e1ria, controle da infla\u00e7\u00e3o, etc., devem ser constantemente questionados e pressionados para que haja limites e a banca e o grande capital n\u00e3o prevale\u00e7am de modo descontrolado.<\/p>\n<p>O que escrevo hoje, na \u00e9poca em que lut\u00e1vamos contra a ditadura, seria definido como mero reformismo. Que seja. N\u00e3o tenho receitas para a revolu\u00e7\u00e3o e o momento da nossa gera\u00e7\u00e3o fazer isso j\u00e1 passou. O fato \u00e9 que vivemos em uma sociedade capitalista complexa, na qual o lucro de empres\u00e1rios e banqueiros \u00e9 parte constitutiva e continua se contrapondo aos interesses dos trabalhadores, dos \u00edndios e de todos os oprimidos.<\/p>\n<p>A grande ilus\u00e3o da Marina \u00e9 pensar que vai governar com \u201cos melhores\u201d. Como se existissem \u201cmelhores\u201d sem posi\u00e7\u00f5es de classe e interesses (n\u00e3o particulares ou mesquinhos, repito, mas dos segmentos econ\u00f4micos, pol\u00edticos e sociais que defendem).<\/p>\n<p>Marina Silva j\u00e1 demonstrou que n\u00e3o tem habilidade nem capacidade para administrar conflitos, procurar as solu\u00e7\u00f5es poss\u00edveis para poder seguir em frente. Ela desagrega dentro do partido que a abrigou depois de seu fracasso, e vai acabar se vendo na posi\u00e7\u00e3o da r\u00e3 que carregou o escorpi\u00e3o na travessia do rio (Esopo). E, quando os dois afundarem, quem vai pagar o pato somos todos n\u00f3s.<\/p>\n<p>Marina Silva tem uma hist\u00f3ria pessoal bel\u00edssima e admir\u00e1vel, e sempre teve a sorte de surfar em circunst\u00e2ncias que, muitas vezes derivadas de trag\u00e9dias, a colocam em posi\u00e7\u00e3o vantajosa. Mas, se tivermos o azar dela ser eleita para a presid\u00eancia, n\u00e3o apenas teremos perdas muito concretas, como o pa\u00eds enfrentar\u00e1 uma turbul\u00eancia institucional que pode abrir espa\u00e7o para pescadores de \u00e1guas turvas. Muito turvas.<\/p>\n<p>Ent\u00e3o, deixando mais uma vez claro que tenho montes de cr\u00edticas n\u00e3o apenas \u00e0 Dilma, como ao Lula e ao PT, fa\u00e7o campanha pela reelei\u00e7\u00e3o da Presidenta. N\u00e3o porque seja um \u201cmal menor\u201d, mas porque \u00e9 o caminho para que as for\u00e7as populares possam avan\u00e7ar, e quem cerca Marina quer bloquear as condi\u00e7\u00f5es para esse avan\u00e7o.<\/p>\n","protected":false},"excerpt":{"rendered":"<p>Jos\u00e9 Bessa \u00e9 meu grande amigo de mais de quarenta anos. Foi uma das primeiras pessoas para quem abri espa\u00e7o aqui no Zagaia, e venho publicando seus artigos semanais com bastante regularidade. Al\u00e9m de grande conhecedor das quest\u00f5es ind\u00edgenas \u2013 &hellip; <a href=\"http:\/\/www.zagaia.blog.br\/?p=67\">Continue lendo <span class=\"meta-nav\">&rarr;<\/span><\/a><\/p>\n","protected":false},"author":1,"featured_media":0,"comment_status":"open","ping_status":"open","sticky":false,"template":"","format":"standard","meta":{"jetpack_post_was_ever_published":false},"categories":[1],"tags":[31,7,33,26,34,32],"jetpack_featured_media_url":"","jetpack_shortlink":"https:\/\/wp.me\/p4Lc9A-15","_links":{"self":[{"href":"http:\/\/www.zagaia.blog.br\/index.php?rest_route=\/wp\/v2\/posts\/67"}],"collection":[{"href":"http:\/\/www.zagaia.blog.br\/index.php?rest_route=\/wp\/v2\/posts"}],"about":[{"href":"http:\/\/www.zagaia.blog.br\/index.php?rest_route=\/wp\/v2\/types\/post"}],"author":[{"embeddable":true,"href":"http:\/\/www.zagaia.blog.br\/index.php?rest_route=\/wp\/v2\/users\/1"}],"replies":[{"embeddable":true,"href":"http:\/\/www.zagaia.blog.br\/index.php?rest_route=%2Fwp%2Fv2%2Fcomments&post=67"}],"version-history":[{"count":1,"href":"http:\/\/www.zagaia.blog.br\/index.php?rest_route=\/wp\/v2\/posts\/67\/revisions"}],"predecessor-version":[{"id":69,"href":"http:\/\/www.zagaia.blog.br\/index.php?rest_route=\/wp\/v2\/posts\/67\/revisions\/69"}],"wp:attachment":[{"href":"http:\/\/www.zagaia.blog.br\/index.php?rest_route=%2Fwp%2Fv2%2Fmedia&parent=67"}],"wp:term":[{"taxonomy":"category","embeddable":true,"href":"http:\/\/www.zagaia.blog.br\/index.php?rest_route=%2Fwp%2Fv2%2Fcategories&post=67"},{"taxonomy":"post_tag","embeddable":true,"href":"http:\/\/www.zagaia.blog.br\/index.php?rest_route=%2Fwp%2Fv2%2Ftags&post=67"}],"curies":[{"name":"wp","href":"https:\/\/api.w.org\/{rel}","templated":true}]}}