{"id":641,"date":"2016-10-18T13:29:35","date_gmt":"2016-10-18T16:29:35","guid":{"rendered":"http:\/\/www.zagaia.blog.br\/?p=641"},"modified":"2016-10-18T13:51:50","modified_gmt":"2016-10-18T16:51:50","slug":"caetanices","status":"publish","type":"post","link":"http:\/\/www.zagaia.blog.br\/?p=641","title":{"rendered":"CAETANICES"},"content":{"rendered":"<p>CAETANICES<\/p>\n<p>Ele n\u00e3o resiste. Cara inteligente, \u00f3timo cantor (j\u00e1 foi \u00f3timo compositor&#8230;), mas de vez em quando fala umas bobagens&#8230;<\/p>\n<p><img decoding=\"async\" loading=\"lazy\" class=\"alignnone size-large wp-image-643\" src=\"https:\/\/i0.wp.com\/www.zagaia.blog.br\/wp-content\/uploads\/2016\/10\/Capturar.jpg?resize=640%2C199\" alt=\"capturar\" width=\"640\" height=\"199\" srcset=\"https:\/\/i0.wp.com\/www.zagaia.blog.br\/wp-content\/uploads\/2016\/10\/Capturar.jpg?resize=1024%2C319 1024w, https:\/\/i0.wp.com\/www.zagaia.blog.br\/wp-content\/uploads\/2016\/10\/Capturar.jpg?resize=300%2C94 300w, https:\/\/i0.wp.com\/www.zagaia.blog.br\/wp-content\/uploads\/2016\/10\/Capturar.jpg?resize=768%2C240 768w, https:\/\/i0.wp.com\/www.zagaia.blog.br\/wp-content\/uploads\/2016\/10\/Capturar.jpg?w=1125 1125w\" sizes=\"(max-width: 640px) 100vw, 640px\" data-recalc-dims=\"1\" \/><\/p>\n<p>Comentando o lan\u00e7amento do bel\u00edssimo CD do Ant\u00f3nio Zambujo, com m\u00fasicas do Chico Buarque, Caetano pespega a declara\u00e7\u00e3o (dupla) e errada: \u201cSuponho que este seja o primeiro \u00e1lbum de um cantor portugu\u00eas composto apenas de can\u00e7\u00f5es brasileiras. Estou seguro de que ele \u00e9 o primeiro dedicado a um s\u00f3 autor brasileiro de can\u00e7\u00f5es\u201d (OESP, 17\/10\/2016).<\/p>\n<p>Erra nas duas afirma\u00e7\u00f5es.<\/p>\n<p>Eug\u00e9nia de Melo Castro faz um trabalho de divulga\u00e7\u00e3o da m\u00fasica brasileira em Portugal h\u00e1 anos. E j\u00e1 lan\u00e7ou \u00e1lbuns dedicados exclusivamente ao Vin\u00edcius e ao pr\u00f3prio Chico Buarque.<\/p>\n<p>Eug\u00e9nia \u00e9 um personagem. Conheci-a quando preparava a edi\u00e7\u00e3o brasileira (a primeira) do cl\u00e1ssico <em>Peregrina\u00e7\u00f5es<\/em> do Fern\u00e3o Mendes Pinto, pois usei a atualiza\u00e7\u00e3o ortogr\u00e1fica e a divis\u00e3o em par\u00e1grafos da edi\u00e7\u00e3o portuguesa preparada por sua m\u00e3e, Maria Alberta Men\u00e9res, escritora, e do poeta E. M. de Melo e Castro, prestigiad\u00edssimo, que inclusive morou em S. Paulo e deu aulas na USP.<\/p>\n<p>Eug\u00e9nia, ali\u00e1s, estar\u00e1 em S. Paulo com espet\u00e1culo a partir de sexta-feira no Teatro do MUBE:<\/p>\n<p><img decoding=\"async\" loading=\"lazy\" class=\"alignleft size-medium wp-image-644\" src=\"https:\/\/i0.wp.com\/www.zagaia.blog.br\/wp-content\/uploads\/2016\/10\/eug\u00e9nia-2.jpg?resize=300%2C245\" alt=\"eugenia-2\" width=\"300\" height=\"245\" srcset=\"https:\/\/i0.wp.com\/www.zagaia.blog.br\/wp-content\/uploads\/2016\/10\/eug\u00e9nia-2.jpg?resize=300%2C245 300w, https:\/\/i0.wp.com\/www.zagaia.blog.br\/wp-content\/uploads\/2016\/10\/eug\u00e9nia-2.jpg?resize=768%2C626 768w, https:\/\/i0.wp.com\/www.zagaia.blog.br\/wp-content\/uploads\/2016\/10\/eug\u00e9nia-2.jpg?w=973 973w\" sizes=\"(max-width: 300px) 100vw, 300px\" data-recalc-dims=\"1\" \/><\/p>\n<p>&nbsp;<\/p>\n<p>&nbsp;<\/p>\n<p>&nbsp;<\/p>\n<p>&nbsp;<\/p>\n<p>&nbsp;<\/p>\n<p>Os dois discos (acho que na verdade tem at\u00e9 mais que esses), dedicados exclusivamente a um \u201cautor brasileiro de can\u00e7\u00f5es\u201d s\u00e3o os seguintes:<\/p>\n<p><img decoding=\"async\" loading=\"lazy\" class=\"alignleft size-thumbnail wp-image-645\" src=\"https:\/\/i0.wp.com\/www.zagaia.blog.br\/wp-content\/uploads\/2016\/10\/descontru\u00e7\u00e3o.jpg?resize=150%2C150\" alt=\"descontrucao\" width=\"150\" height=\"150\" srcset=\"https:\/\/i0.wp.com\/www.zagaia.blog.br\/wp-content\/uploads\/2016\/10\/descontru\u00e7\u00e3o.jpg?resize=150%2C150 150w, https:\/\/i0.wp.com\/www.zagaia.blog.br\/wp-content\/uploads\/2016\/10\/descontru\u00e7\u00e3o.jpg?zoom=2&amp;resize=150%2C150 300w\" sizes=\"(max-width: 150px) 100vw, 150px\" data-recalc-dims=\"1\" \/> <img decoding=\"async\" loading=\"lazy\" class=\"alignleft size-thumbnail wp-image-646\" src=\"https:\/\/i0.wp.com\/www.zagaia.blog.br\/wp-content\/uploads\/2016\/10\/eugeni-mc-vinicius.jpg?resize=150%2C150\" alt=\"eugeni-mc-vinicius\" width=\"150\" height=\"150\" srcset=\"https:\/\/i0.wp.com\/www.zagaia.blog.br\/wp-content\/uploads\/2016\/10\/eugeni-mc-vinicius.jpg?resize=150%2C150 150w, https:\/\/i0.wp.com\/www.zagaia.blog.br\/wp-content\/uploads\/2016\/10\/eugeni-mc-vinicius.jpg?zoom=2&amp;resize=150%2C150 300w, https:\/\/i0.wp.com\/www.zagaia.blog.br\/wp-content\/uploads\/2016\/10\/eugeni-mc-vinicius.jpg?zoom=3&amp;resize=150%2C150 450w\" sizes=\"(max-width: 150px) 100vw, 150px\" data-recalc-dims=\"1\" \/><\/p>\n<p>Os links para o site dela:<\/p>\n<p><a onclick=\"javascript:pageTracker._trackPageview('\/outgoing\/www.eugeniameloecastro.com\/');\"  href=\"http:\/\/www.eugeniameloecastro.com\/\">http:\/\/www.eugeniameloecastro.com\/<\/a> \u00a0<a onclick=\"javascript:pageTracker._trackPageview('\/outgoing\/www2.uol.com.br\/eugeniameloecastro\/old\/descontrucao.html');\"  href=\"http:\/\/www2.uol.com.br\/eugeniameloecastro\/old\/descontrucao.html\">http:\/\/www2.uol.com.br\/eugeniameloecastro\/old\/descontrucao.html<\/a><\/p>\n<p>Ela tamb\u00e9m est\u00e1 no FB: <a onclick=\"javascript:pageTracker._trackPageview('\/outgoing\/www.facebook.com\/eugeniamc?ref=name');\"  href=\"https:\/\/www.facebook.com\/eugeniamc?ref=name\">https:\/\/www.facebook.com\/eugeniamc?ref=name<\/a><\/p>\n<p>\u00c0s vezes acho que sofro de uma vers\u00e3o mais suave da s\u00edndrome de <em>Funes, el Memorioso<\/em>. Isso ainda vai me dar problemas&#8230;<\/p>\n<p>E n\u00e3o percam o CD do Zambujo. \u00c9 mesmo \u00f3timo&#8230;<\/p>\n","protected":false},"excerpt":{"rendered":"<p>CAETANICES Ele n\u00e3o resiste. Cara inteligente, \u00f3timo cantor (j\u00e1 foi \u00f3timo compositor&#8230;), mas de vez em quando fala umas bobagens&#8230; Comentando o lan\u00e7amento do bel\u00edssimo CD do Ant\u00f3nio Zambujo, com m\u00fasicas do Chico Buarque, Caetano pespega a declara\u00e7\u00e3o (dupla) e &hellip; <a href=\"http:\/\/www.zagaia.blog.br\/?p=641\">Continue lendo <span class=\"meta-nav\">&rarr;<\/span><\/a><\/p>\n","protected":false},"author":1,"featured_media":0,"comment_status":"open","ping_status":"open","sticky":false,"template":"","format":"standard","meta":{"jetpack_post_was_ever_published":false},"categories":[1],"tags":[280,283,281,279,282],"jetpack_featured_media_url":"","jetpack_shortlink":"https:\/\/wp.me\/p4Lc9A-al","_links":{"self":[{"href":"http:\/\/www.zagaia.blog.br\/index.php?rest_route=\/wp\/v2\/posts\/641"}],"collection":[{"href":"http:\/\/www.zagaia.blog.br\/index.php?rest_route=\/wp\/v2\/posts"}],"about":[{"href":"http:\/\/www.zagaia.blog.br\/index.php?rest_route=\/wp\/v2\/types\/post"}],"author":[{"embeddable":true,"href":"http:\/\/www.zagaia.blog.br\/index.php?rest_route=\/wp\/v2\/users\/1"}],"replies":[{"embeddable":true,"href":"http:\/\/www.zagaia.blog.br\/index.php?rest_route=%2Fwp%2Fv2%2Fcomments&post=641"}],"version-history":[{"count":2,"href":"http:\/\/www.zagaia.blog.br\/index.php?rest_route=\/wp\/v2\/posts\/641\/revisions"}],"predecessor-version":[{"id":648,"href":"http:\/\/www.zagaia.blog.br\/index.php?rest_route=\/wp\/v2\/posts\/641\/revisions\/648"}],"wp:attachment":[{"href":"http:\/\/www.zagaia.blog.br\/index.php?rest_route=%2Fwp%2Fv2%2Fmedia&parent=641"}],"wp:term":[{"taxonomy":"category","embeddable":true,"href":"http:\/\/www.zagaia.blog.br\/index.php?rest_route=%2Fwp%2Fv2%2Fcategories&post=641"},{"taxonomy":"post_tag","embeddable":true,"href":"http:\/\/www.zagaia.blog.br\/index.php?rest_route=%2Fwp%2Fv2%2Ftags&post=641"}],"curies":[{"name":"wp","href":"https:\/\/api.w.org\/{rel}","templated":true}]}}