{"id":618,"date":"2016-06-05T12:26:14","date_gmt":"2016-06-05T15:26:14","guid":{"rendered":"http:\/\/www.zagaia.blog.br\/?p=618"},"modified":"2016-06-05T12:26:14","modified_gmt":"2016-06-05T15:26:14","slug":"centro-cultural-sao-paulo-espaco-aberto","status":"publish","type":"post","link":"http:\/\/www.zagaia.blog.br\/?p=618","title":{"rendered":"CENTRO CULTURAL S\u00c3O PAULO \u2013 ESPA\u00c7O ABERTO"},"content":{"rendered":"<p><img decoding=\"async\" loading=\"lazy\" class=\"alignnone wp-image-617\" src=\"https:\/\/i0.wp.com\/www.zagaia.blog.br\/wp-content\/uploads\/2016\/06\/ccsp-1.jpg?resize=401%2C306\" alt=\"ccsp 1\" width=\"401\" height=\"306\" data-recalc-dims=\"1\" \/><\/p>\n<p>O <a onclick=\"javascript:pageTracker._trackPageview('\/outgoing\/www.centrocultural.sp.gov.br\/');\"  href=\"http:\/\/www.centrocultural.sp.gov.br\/\" target=\"_blank\">Centro Cultural S\u00e3o Paulo<\/a>,tamb\u00e9m conhecido como Centro Cultural Vergueiro, \u00e9 um dos espa\u00e7os p\u00fablicos mais interessantes da cidade. E por muitas e diversificadas raz\u00f5es.<\/p>\n<p>Recentemente fui at\u00e9 l\u00e1 para ver a exposi\u00e7\u00e3o <a href=\"http:\/\/www.zagaia.blog.br\/?p=606\" target=\"_blank\">ANTONIO BENETAZZO, PERMAN\u00caNCIAS DO SENS\u00cdVEL<\/a> e, como sempre, fiquei admirado e de certa forma comovido com o que vi.<\/p>\n<div id=\"attachment_608\" style=\"width: 310px\" class=\"wp-caption alignright\"><img aria-describedby=\"caption-attachment-608\" decoding=\"async\" loading=\"lazy\" class=\"wp-image-608 size-medium\" src=\"https:\/\/i0.wp.com\/www.zagaia.blog.br\/wp-content\/uploads\/2016\/05\/IMG_1442.jpg?resize=300%2C225\" alt=\"Benetazzo, infelizmente j\u00e1 saiu de cartaz.\" width=\"300\" height=\"225\" srcset=\"https:\/\/i0.wp.com\/www.zagaia.blog.br\/wp-content\/uploads\/2016\/05\/IMG_1442.jpg?resize=300%2C225 300w, https:\/\/i0.wp.com\/www.zagaia.blog.br\/wp-content\/uploads\/2016\/05\/IMG_1442.jpg?resize=768%2C576 768w, https:\/\/i0.wp.com\/www.zagaia.blog.br\/wp-content\/uploads\/2016\/05\/IMG_1442.jpg?resize=1024%2C768 1024w, https:\/\/i0.wp.com\/www.zagaia.blog.br\/wp-content\/uploads\/2016\/05\/IMG_1442.jpg?w=1280 1280w, https:\/\/i0.wp.com\/www.zagaia.blog.br\/wp-content\/uploads\/2016\/05\/IMG_1442.jpg?w=1920 1920w\" sizes=\"(max-width: 300px) 100vw, 300px\" data-recalc-dims=\"1\" \/><p id=\"caption-attachment-608\" class=\"wp-caption-text\">Benetazzo, infelizmente j\u00e1 saiu de cartaz.<\/p><\/div>\n<p>N\u00e3o apenas dezenas de jovens (ou n\u00e3o t\u00e3o jovens assim) aproveitando o wi-fi gr\u00e1tis da Prefeitura. A Biblioteca S\u00e9rgio Milliet lotada. \u00c9 a segunda maior biblioteca p\u00fablica da cidade, menor apenas que a M\u00e1rio de Andrade. E \u00e9 a \u00fanica aberta s\u00e1bados, domingos e feriados (como, ali\u00e1s, deveriam ser TODAS as bibliotecas p\u00fablicas), com acervo razoavelmente atualizado, tanto de livros como de revistas.<\/p>\n<p><img decoding=\"async\" loading=\"lazy\" class=\"alignleft size-medium wp-image-619\" src=\"https:\/\/i0.wp.com\/www.zagaia.blog.br\/wp-content\/uploads\/2016\/06\/IMG_1444.jpg?resize=300%2C225\" alt=\"IMG_1444\" width=\"300\" height=\"225\" srcset=\"https:\/\/i0.wp.com\/www.zagaia.blog.br\/wp-content\/uploads\/2016\/06\/IMG_1444.jpg?resize=300%2C225 300w, https:\/\/i0.wp.com\/www.zagaia.blog.br\/wp-content\/uploads\/2016\/06\/IMG_1444.jpg?resize=768%2C576 768w, https:\/\/i0.wp.com\/www.zagaia.blog.br\/wp-content\/uploads\/2016\/06\/IMG_1444.jpg?resize=1024%2C768 1024w, https:\/\/i0.wp.com\/www.zagaia.blog.br\/wp-content\/uploads\/2016\/06\/IMG_1444.jpg?w=1280 1280w, https:\/\/i0.wp.com\/www.zagaia.blog.br\/wp-content\/uploads\/2016\/06\/IMG_1444.jpg?w=1920 1920w\" sizes=\"(max-width: 300px) 100vw, 300px\" data-recalc-dims=\"1\" \/><\/p>\n<p>Os outros equipamentos permanentes do CCSP tamb\u00e9m s\u00e3o muito bem frequentados. A Biblioteca Alfredo Volpi, cujo acervo \u00e9 composto por cat\u00e1logos de exposi\u00e7\u00f5es de artes indexados pelo nome do artista, livros sobre artes pl\u00e1sticas, arquitetura, fotografia, moda, recrea\u00e7\u00e3o e artes perform\u00e1ticas, al\u00e9m de peri\u00f3dicos e CDs-Rom. Destaque para a cole\u00e7\u00e3o da revista Cinel\u00e2ndia, publicada entre as d\u00e9cadas de 1950 e 1960, e para os mais de onze mil cat\u00e1logos de exposi\u00e7\u00f5es, dos quais 5.247 j\u00e1 est\u00e3o indexados pelo nome do artista, em um banco de dados que, em breve, ser\u00e1 disponibilizado pela internet. Pode ser frequentada de ter\u00e7a a domingo. Considero a cole\u00e7\u00e3o de cat\u00e1logos como um dos aspectos mais importantes da Alfredo Volpi. As exposi\u00e7\u00f5es passam, a documenta\u00e7\u00e3o fica, e essa mem\u00f3ria \u00e9 inestim\u00e1vel.<\/p>\n<p>E ainda h\u00e1 tamb\u00e9m uma biblioteca Braille, a Gibiteca Henfil, uma sala de leitura de t\u00edtulos infanto-juvenis, um laborat\u00f3rio audiovisual e uma \u00e1rea para Culturas Surdas. As duas categorias de deficientes f\u00edsicos mais ativos e com necessidades bem espec\u00edficas de acesso est\u00e3o, assim, atendidas. Al\u00e9m, \u00e9 claro, do espa\u00e7o ser acess\u00edvel para cadeirantes.<\/p>\n<p>Entre as cole\u00e7\u00f5es permanentes do CCSP destaco, em particular, a Discoteca Oneyda Alvarenga e a Cole\u00e7\u00e3o de Arte da Cidade. Oneyda Alvarenga foi colaboradora de M\u00e1rio de Andrade, sobretudo na \u00e1rea das grava\u00e7\u00f5es de m\u00fasica popular e folcl\u00f3rica, e iniciou a organiza\u00e7\u00e3o da discoteca, ainda na Biblioteca M\u00e1rio de Andrade. Uma boa parte do acervo j\u00e1 est\u00e1 digitalizado e dispon\u00edvel no <a onclick=\"javascript:pageTracker._trackPageview('\/outgoing\/centrocultural.cc\/discoteca\/');\"  href=\"http:\/\/centrocultural.cc\/discoteca\/\" target=\"_blank\">portal da discoteca<\/a>, facilitando a consulta. O acesso direto ao material original precisa ser agendado e \u00e9 feito com supervis\u00e3o, at\u00e9 porque o material \u00e9 sens\u00edvel. Al\u00e9m das grava\u00e7\u00f5es, a Oneyda Alvarenga disponibiliza partituras. Parte importante \u00e9 o acervo da Miss\u00e3o de Pesquisas Folcl\u00f3ricas, projeto de levantamento etno-musical desenvolvido por M\u00e1rio de Andrade ainda na d\u00e9cada de 1930. O SESC-SP ditou uma caixa com seus CDs com uma sele\u00e7\u00e3o do material gravado. O conjunto est\u00e1 totalmente catalogado e dispon\u00edvel para pesquisas na discoteca.<\/p>\n<p>No entanto, o visitante fica mesmo impressionado \u00e9 com a diversidade de atividades \u2013 organizadas e livres \u2013 que acontecem simultaneamente no CCSP. Al\u00e9m dos frequentadores das bibliotecas e acervos permanentes, e dos que usam o wi-fi livre, a quantidade de grupos reunidos ali para estudar, conversar, ensaiar teatro e dan\u00e7a \u00e9 impressionante. Nota-se que s\u00e3o grupos de jovens que chegam porque o CCSP \u00e9 simplesmente um espa\u00e7o aberto e livre para essas atividades. Ent\u00e3o, tem gente ensaiando street dance, esquetes de teatro ou partes de pe\u00e7as, fotografando ou simplesmente passando o tempo. <img decoding=\"async\" loading=\"lazy\" class=\"alignleft wp-image-623 size-medium\" src=\"https:\/\/i0.wp.com\/www.zagaia.blog.br\/wp-content\/uploads\/2016\/06\/IMG_1446.jpg?resize=300%2C225\" alt=\"IMG_1446\" width=\"300\" height=\"225\" srcset=\"https:\/\/i0.wp.com\/www.zagaia.blog.br\/wp-content\/uploads\/2016\/06\/IMG_1446.jpg?resize=300%2C225 300w, https:\/\/i0.wp.com\/www.zagaia.blog.br\/wp-content\/uploads\/2016\/06\/IMG_1446.jpg?resize=768%2C576 768w, https:\/\/i0.wp.com\/www.zagaia.blog.br\/wp-content\/uploads\/2016\/06\/IMG_1446.jpg?resize=1024%2C768 1024w, https:\/\/i0.wp.com\/www.zagaia.blog.br\/wp-content\/uploads\/2016\/06\/IMG_1446.jpg?w=1280 1280w, https:\/\/i0.wp.com\/www.zagaia.blog.br\/wp-content\/uploads\/2016\/06\/IMG_1446.jpg?w=1920 1920w\" sizes=\"(max-width: 300px) 100vw, 300px\" data-recalc-dims=\"1\" \/> <img decoding=\"async\" loading=\"lazy\" class=\"alignnone size-medium wp-image-624\" src=\"https:\/\/i0.wp.com\/www.zagaia.blog.br\/wp-content\/uploads\/2016\/06\/IMG_1447.jpg?resize=300%2C225\" alt=\"IMG_1447\" width=\"300\" height=\"225\" srcset=\"https:\/\/i0.wp.com\/www.zagaia.blog.br\/wp-content\/uploads\/2016\/06\/IMG_1447.jpg?resize=300%2C225 300w, https:\/\/i0.wp.com\/www.zagaia.blog.br\/wp-content\/uploads\/2016\/06\/IMG_1447.jpg?resize=768%2C576 768w, https:\/\/i0.wp.com\/www.zagaia.blog.br\/wp-content\/uploads\/2016\/06\/IMG_1447.jpg?resize=1024%2C768 1024w, https:\/\/i0.wp.com\/www.zagaia.blog.br\/wp-content\/uploads\/2016\/06\/IMG_1447.jpg?w=1280 1280w, https:\/\/i0.wp.com\/www.zagaia.blog.br\/wp-content\/uploads\/2016\/06\/IMG_1447.jpg?w=1920 1920w\" sizes=\"(max-width: 300px) 100vw, 300px\" data-recalc-dims=\"1\" \/> <img decoding=\"async\" loading=\"lazy\" class=\"alignleft wp-image-625 size-medium\" src=\"https:\/\/i0.wp.com\/www.zagaia.blog.br\/wp-content\/uploads\/2016\/06\/IMG_1448.jpg?resize=300%2C225\" alt=\"IMG_1448\" width=\"300\" height=\"225\" srcset=\"https:\/\/i0.wp.com\/www.zagaia.blog.br\/wp-content\/uploads\/2016\/06\/IMG_1448.jpg?resize=300%2C225 300w, https:\/\/i0.wp.com\/www.zagaia.blog.br\/wp-content\/uploads\/2016\/06\/IMG_1448.jpg?resize=768%2C576 768w, https:\/\/i0.wp.com\/www.zagaia.blog.br\/wp-content\/uploads\/2016\/06\/IMG_1448.jpg?resize=1024%2C768 1024w, https:\/\/i0.wp.com\/www.zagaia.blog.br\/wp-content\/uploads\/2016\/06\/IMG_1448.jpg?w=1280 1280w, https:\/\/i0.wp.com\/www.zagaia.blog.br\/wp-content\/uploads\/2016\/06\/IMG_1448.jpg?w=1920 1920w\" sizes=\"(max-width: 300px) 100vw, 300px\" data-recalc-dims=\"1\" \/> <img decoding=\"async\" loading=\"lazy\" class=\"alignnone wp-image-626\" src=\"https:\/\/i0.wp.com\/www.zagaia.blog.br\/wp-content\/uploads\/2016\/06\/IMG_1451.jpg?resize=300%2C225\" alt=\"IMG_1451\" width=\"300\" height=\"225\" srcset=\"https:\/\/i0.wp.com\/www.zagaia.blog.br\/wp-content\/uploads\/2016\/06\/IMG_1451.jpg?resize=300%2C225 300w, https:\/\/i0.wp.com\/www.zagaia.blog.br\/wp-content\/uploads\/2016\/06\/IMG_1451.jpg?resize=768%2C576 768w, https:\/\/i0.wp.com\/www.zagaia.blog.br\/wp-content\/uploads\/2016\/06\/IMG_1451.jpg?resize=1024%2C768 1024w, https:\/\/i0.wp.com\/www.zagaia.blog.br\/wp-content\/uploads\/2016\/06\/IMG_1451.jpg?w=1280 1280w, https:\/\/i0.wp.com\/www.zagaia.blog.br\/wp-content\/uploads\/2016\/06\/IMG_1451.jpg?w=1920 1920w\" sizes=\"(max-width: 300px) 100vw, 300px\" data-recalc-dims=\"1\" \/> No dia em que fui, al\u00e9m da exposi\u00e7\u00e3o do Benetazzo (que se encerrou domingo, dia 29 de maio), havia uma grande exposi\u00e7\u00e3o do British Council, com v\u00e1rias atividades, exposi\u00e7\u00e3o de fotografias, de cartazes. Tinha at\u00e9 uma horta org\u00e2nica no jardim superior (uma parte da \u00e1rea est\u00e1 fechada para repara\u00e7\u00e3o e conserva\u00e7\u00e3o). Programa\u00e7\u00e3o de cinema, de teatro \u2013 inclusive o espa\u00e7o para teatro experimental, que h\u00e1 pouco foi reinaugurado com melhorias t\u00e9cnicas.<\/p>\n<p>Uma das atividades importantes que correm junto a todas as demais \u00e9 o servi\u00e7o de documenta\u00e7\u00e3o do Centro. N\u00e3o apenas recolhe o material do que acontece ali, como em v\u00e1rias outras atividades da Prefeitura. Uma das cole\u00e7\u00f5es importantes \u00e9 da Arte da Cidade, que administra obras adquiridas e doadas \u00e0 Prefeitura. Iniciativa de S\u00e9rgio Milliet que, em 1945 instituiu a Se\u00e7\u00e3o de Arte na Biblioteca Municipal (hoje M\u00e1rio de Andrade), da qual evoluiu a Pinacoteca Municipal e a atual cole\u00e7\u00e3o do CCSP, que administra cerca de 2.900 obras de arte em v\u00e1rios suportes, com pe\u00e7as do S\u00e9culo XIX e contempor\u00e2neas. Parte da cole\u00e7\u00e3o est\u00e1 no CCSP e existem obras em outros pr\u00e9dios municipais de acesso p\u00fablico. Al\u00e9m disso, possui seis cole\u00e7\u00f5es de Arte Postal, com dez mil pe\u00e7as no total, e que \u00e9 uma das maiores cole\u00e7\u00f5es do g\u00eanero na Am\u00e9rica Latina.<\/p>\n<p>O servi\u00e7o de documenta\u00e7\u00e3o apoia tamb\u00e9m as atividades da Virada Cultural, cadastrando grupos interessados em participar. Soube que, nas \u00faltimas edi\u00e7\u00f5es, mais de cem saraus liter\u00e1rios se inscreveram para participar de atividades.<\/p>\n<p>Fuxicando no site do CCSP descobri que existe uma Associa\u00e7\u00e3o de Amigos. Mas n\u00e3o h\u00e1 muitas informa\u00e7\u00f5es. Pretendo visitar novamente o CCSP e perguntar a seu atual diretor, meu amigo Pena Schmidt, sobre o assunto.<\/p>\n<p>Enfim, um mundo diversificado, uma experi\u00eancia de conviv\u00eancia democr\u00e1tica e aberta bem digna de S. Paulo.<\/p>\n","protected":false},"excerpt":{"rendered":"<p>O Centro Cultural S\u00e3o Paulo,tamb\u00e9m conhecido como Centro Cultural Vergueiro, \u00e9 um dos espa\u00e7os p\u00fablicos mais interessantes da cidade. E por muitas e diversificadas raz\u00f5es. Recentemente fui at\u00e9 l\u00e1 para ver a exposi\u00e7\u00e3o ANTONIO BENETAZZO, PERMAN\u00caNCIAS DO SENS\u00cdVEL e, como &hellip; <a href=\"http:\/\/www.zagaia.blog.br\/?p=618\">Continue lendo <span class=\"meta-nav\">&rarr;<\/span><\/a><\/p>\n","protected":false},"author":1,"featured_media":0,"comment_status":"open","ping_status":"open","sticky":false,"template":"","format":"standard","meta":{"jetpack_post_was_ever_published":false},"categories":[1],"tags":[273],"jetpack_featured_media_url":"","jetpack_shortlink":"https:\/\/wp.me\/p4Lc9A-9Y","_links":{"self":[{"href":"http:\/\/www.zagaia.blog.br\/index.php?rest_route=\/wp\/v2\/posts\/618"}],"collection":[{"href":"http:\/\/www.zagaia.blog.br\/index.php?rest_route=\/wp\/v2\/posts"}],"about":[{"href":"http:\/\/www.zagaia.blog.br\/index.php?rest_route=\/wp\/v2\/types\/post"}],"author":[{"embeddable":true,"href":"http:\/\/www.zagaia.blog.br\/index.php?rest_route=\/wp\/v2\/users\/1"}],"replies":[{"embeddable":true,"href":"http:\/\/www.zagaia.blog.br\/index.php?rest_route=%2Fwp%2Fv2%2Fcomments&post=618"}],"version-history":[{"count":3,"href":"http:\/\/www.zagaia.blog.br\/index.php?rest_route=\/wp\/v2\/posts\/618\/revisions"}],"predecessor-version":[{"id":629,"href":"http:\/\/www.zagaia.blog.br\/index.php?rest_route=\/wp\/v2\/posts\/618\/revisions\/629"}],"wp:attachment":[{"href":"http:\/\/www.zagaia.blog.br\/index.php?rest_route=%2Fwp%2Fv2%2Fmedia&parent=618"}],"wp:term":[{"taxonomy":"category","embeddable":true,"href":"http:\/\/www.zagaia.blog.br\/index.php?rest_route=%2Fwp%2Fv2%2Fcategories&post=618"},{"taxonomy":"post_tag","embeddable":true,"href":"http:\/\/www.zagaia.blog.br\/index.php?rest_route=%2Fwp%2Fv2%2Ftags&post=618"}],"curies":[{"name":"wp","href":"https:\/\/api.w.org\/{rel}","templated":true}]}}