{"id":592,"date":"2016-04-19T20:19:48","date_gmt":"2016-04-19T23:19:48","guid":{"rendered":"http:\/\/www.zagaia.blog.br\/?p=592"},"modified":"2016-04-19T23:22:37","modified_gmt":"2016-04-20T02:22:37","slug":"o-congresso-e-o-retrato-do-povo-brasileiro-ou-a-fotografia-da-nossa-incompetencia-e-incompreensao","status":"publish","type":"post","link":"http:\/\/www.zagaia.blog.br\/?p=592","title":{"rendered":"O CONGRESSO \u00c9 O \u201cRETRATO DO POVO BRASILEIRO\u201d OU A FOTOGRAFIA DA NOSSA INCOMPET\u00caNCIA E INCOMPREENS\u00c3O?"},"content":{"rendered":"<p>Quando voltamos para casa \u2013 Maria Jos\u00e9 e eu \u2013 depois de assistirmos ao deprimente espet\u00e1culo da vota\u00e7\u00e3o do golpe na C\u00e2mara dos Deputados, a mensagem chegou pelo celular: \u201cMe liga, v\u00f3\u201d.<\/p>\n<div id=\"attachment_594\" style=\"width: 970px\" class=\"wp-caption alignleft\"><img aria-describedby=\"caption-attachment-594\" decoding=\"async\" loading=\"lazy\" class=\"wp-image-594 size-full\" src=\"https:\/\/i0.wp.com\/www.zagaia.blog.br\/wp-content\/uploads\/2016\/04\/bituras-do-parangole-volei.jpg?resize=640%2C480\" alt=\"Alunos de Artes da UnB tentam fazer uma alegre manifesta\u00e7\u00e3o contra o golpe.\" width=\"640\" height=\"480\" srcset=\"https:\/\/i0.wp.com\/www.zagaia.blog.br\/wp-content\/uploads\/2016\/04\/bituras-do-parangole-volei.jpg?w=960 960w, https:\/\/i0.wp.com\/www.zagaia.blog.br\/wp-content\/uploads\/2016\/04\/bituras-do-parangole-volei.jpg?resize=300%2C225 300w, https:\/\/i0.wp.com\/www.zagaia.blog.br\/wp-content\/uploads\/2016\/04\/bituras-do-parangole-volei.jpg?resize=768%2C576 768w\" sizes=\"(max-width: 640px) 100vw, 640px\" data-recalc-dims=\"1\" \/><p id=\"caption-attachment-594\" class=\"wp-caption-text\">Alunos de Artes da UnB tentam fazer uma alegre manifesta\u00e7\u00e3o contra o golpe.<\/p><\/div>\n<p>&nbsp;<\/p>\n<p>&nbsp;<\/p>\n<p>&nbsp;<\/p>\n<p>&nbsp;<\/p>\n<p>&nbsp;<\/p>\n<p>&nbsp;<\/p>\n<p>&nbsp;<\/p>\n<div id=\"attachment_596\" style=\"width: 730px\" class=\"wp-caption alignleft\"><img aria-describedby=\"caption-attachment-596\" decoding=\"async\" loading=\"lazy\" class=\"size-full wp-image-596\" src=\"https:\/\/i0.wp.com\/www.zagaia.blog.br\/wp-content\/uploads\/2016\/04\/milicos-n\u00e3o-se-conformam.jpg?resize=640%2C480\" alt=\"Mas os milicos n\u00e3o queriam...\" width=\"640\" height=\"480\" srcset=\"https:\/\/i0.wp.com\/www.zagaia.blog.br\/wp-content\/uploads\/2016\/04\/milicos-n\u00e3o-se-conformam.jpg?w=720 720w, https:\/\/i0.wp.com\/www.zagaia.blog.br\/wp-content\/uploads\/2016\/04\/milicos-n\u00e3o-se-conformam.jpg?resize=300%2C225 300w\" sizes=\"(max-width: 640px) 100vw, 640px\" data-recalc-dims=\"1\" \/><p id=\"caption-attachment-596\" class=\"wp-caption-text\">Mas os milicos n\u00e3o queriam&#8230;<\/p><\/div>\n<p>Liguei eu para nossa neta Laura, que logo mais completa vinte anos e estuda artes na UnB. Laura estava em prantos com o resultado da vota\u00e7\u00e3o. Na sexta-feira ela e colegas da UnB sa\u00edram de parangol\u00e9s. Relata:<\/p>\n<p>\u201cOntem fui com a professora Bia Medeiros e a turma da performance andando da UnB at\u00e9 a esplanada, fazendo performance, usando umas roupas chamadas Birutas, que parecem com os Parangol\u00e9s do Oiticica&#8230;Enfim, \u00e9ramos umas vinte pessoas contra o golpe. Chegamos na esplanada, que est\u00e1 fechada de todos os lados, e os militares nos abordaram de um jeito horr\u00edvel, falaram absurdos e nos revistaram meio violentamente, mas ningu\u00e9m se machucou nem nada. Depois fomos jogar v\u00f4lei no muro e eles nos deram cinco minutos para ir embora&#8230; Fiquei com medo, e estou com medo do que vai acontecer. Aqui o clima t\u00e1 suuuuper tenso\u201d.<\/p>\n<p>Que responder para a neta mais velha, que passava por sua primeira batalha derrotada? S\u00f3 me ocorreu aquele poema do Brecht:<\/p>\n<p><em>H\u00e1 homens que lutam um dia, e s\u00e3o bons;<br \/>\nH\u00e1 outros que lutam um ano, e s\u00e3o melhores;<br \/>\nH\u00e1 aqueles que lutam muitos anos, e s\u00e3o muito bons;<br \/>\nPor\u00e9m h\u00e1 os que lutam toda a vida<br \/>\nEstes s\u00e3o os imprescind\u00edveis<\/em><\/p>\n<p>Como os cemit\u00e9rios est\u00e3o cheios de imprescind\u00edveis e insubstitu\u00edveis, n\u00e3o me considero como tal. Mas continuo na luta<\/p>\n<p>Mas isso n\u00e3o \u00e9 o suficiente para entender o que aconteceu dia 17, e como chegamos at\u00e9 a\u00ed. E esse \u00e9 o bus\u00edlis.<\/p>\n<p>A frase que escrevi como t\u00edtulo era diferente: colocava a culpa especificamente no PT. Mas isso seria f\u00e1cil demais para mim.<\/p>\n<p>Batalhei e militei para conseguir as assinaturas necess\u00e1rias para a legaliza\u00e7\u00e3o do PT. E n\u00e3o foi f\u00e1cil. Nos estertores da ditadura, legalizar um partido n\u00e3o era essa m\u00e3o na roda de hoje. As exig\u00eancias boladas durante a \u201cabertura\u201d do Geisel-Golbery e continuadas durante o desfile da cavalgadura Figueiredo permitiam sim, uma alternativa ao dilema PMDB-ARENA. Mas era dif\u00edcil pra caramba.<\/p>\n<p>Participei dessa batalha pela legaliza\u00e7\u00e3o do PT como militante da Ala Vermelha, a organiza\u00e7\u00e3o clandestina de luta contra a ditadura \u00e0 qual estava vinculado. Morava no Rio de Janeiro e participei dos n\u00facleos e das discuss\u00f5es para a organiza\u00e7\u00e3o dos primeiros diret\u00f3rios. Mas nunca me interessei pela milit\u00e2ncia interna no PT. Em grande medida pela minha compreens\u00e3o &#8211; que era diferente da de v\u00e1rios camaradas \u2013 de que o PT seria apenas um partido eleitoral, que poderia abrir caminhos para a amplia\u00e7\u00e3o da luta popular, mas que suas limita\u00e7\u00f5es se esgotavam dentro da democracia burguesa.<\/p>\n<p>N\u00e3o que subestimasse a import\u00e2ncia disso. Muito pelo contr\u00e1rio. Mas tinha uma clara compreens\u00e3o das dificuldades internas da organiza\u00e7\u00e3o de um partido eleitoral e legal: a necessidade de buscar consensos e fazer concess\u00f5es para estabelecer objetivos eleitoralmente vi\u00e1veis; a quest\u00e3o dos financiamentos de campanha \u2013 e como eram evidentes as limita\u00e7\u00f5es impostas na depend\u00eancia exclusiva das contribui\u00e7\u00f5es de militantes e simpatizantes \u2013 e outras do g\u00eanero.<\/p>\n<p>Tenho grande admira\u00e7\u00e3o e respeito pelos que se dedicam a essas tarefas. N\u00e3o \u00e9 f\u00e1cil, e \u00e9 ingenuidade pensar o contr\u00e1rio. Mas essa forma de milit\u00e2ncia n\u00e3o me interessava.<\/p>\n<p>O n\u00e3o me interessar, por\u00e9m, n\u00e3o me exime de responsabilidades. De algum modo sou e fui parte disso tudo, apesar de jamais ter ocupado cargos na estrutura do PT e muito menos me lan\u00e7ado a candidato a coisa alguma. Minha praia \u00e9 outra.<\/p>\n<p>Minha vida, no entanto, me obriga a reconhecer que falar do PT como se n\u00e3o tivesse nada a ver com os erros e acertos seria hipocrisia. Por isso, mudei a frase.<\/p>\n<p>Agora, na ressaca p\u00f3s vota\u00e7\u00e3o, boa parte dos coment\u00e1rios diz que o Congresso \u00e9 o retrato do povo brasileiro. Afinal, os eleitores \u00e9 que mandaram essa turma para l\u00e1.<\/p>\n<p>\u00c9 verdade. Mas \u00e9 s\u00f3 meia verdade.<\/p>\n<p>A composi\u00e7\u00e3o do Congresso, comparando com as pesquisas de opini\u00e3o, reflete a correla\u00e7\u00e3o de for\u00e7as na sociedade em um dado momento. Portanto, responde \u00e0s mobiliza\u00e7\u00f5es e motiva\u00e7\u00f5es sociais que s\u00e3o din\u00e2micas e eventualmente muito cambiantes. Quando a ARENA era \u201co maior partido do Ocidente\u201d, aquilo tamb\u00e9m refletia o \u201cpovo brasileiro\u201d, v\u00edtima da censura, da desinforma\u00e7\u00e3o, das \u201cm\u00e1gicas\u201d do \u201cmilagre brasileiro\u201d e demais mumunhas da ditadura. Quando o PMDB ganhou a maioria das cadeiras do Senado em 1974, o resultado foi o autogolpe de abril, quando o Geisel inventou os bi\u00f4nicos e garantiu a maioria governista.<\/p>\n<p>E assim por diante.<\/p>\n<p>Essa constata\u00e7\u00e3o, no entanto, \u00e9 simplista e derrotista.<\/p>\n<p>Esse Congresso \u00e9 o que \u00e9, dentre outras coisas, porque o PT deixou de lado a milit\u00e2ncia junto \u00e0s organiza\u00e7\u00f5es sociais, os sindicatos e outros movimentos de luta. Trocou isso pelas alian\u00e7as com os velhos partidos, descurando de aumentar a bancada de modo significativo, contando apenas com os tradicionais \u201cpuxadores de votos\u201d. Esses se elegiam; os militantes das bases, que dariam outra cor \u00e0 bancada e ao parlamento, n\u00e3o conseguiam entrar.<\/p>\n<p>As vacila\u00e7\u00f5es na constru\u00e7\u00e3o de uma reforma pol\u00edtica que impedisse a farra de partidecos interessados apenas no tempo de televis\u00e3o e nos repasses do fundo partid\u00e1rio tamb\u00e9m contribu\u00edram para isso. H\u00e1 quantas elei\u00e7\u00f5es o PT descurou de pedir explicitamente o voto na legenda?<\/p>\n<p>H\u00e1 um ano atr\u00e1s, no dia 14 de abril, publiquei aqui um post intitulado <strong>SYRIZA, PODEMOS, O PT E OS MOVIMENTOS SOCIAIS. TALVEZ LI\u00c7\u00d5ES. http:\/\/www.zagaia.blog.br\/?p=352 <\/strong>Nele reproduzia trechos da entrevista, dada por Stathis Kouvelakis, membro da dire\u00e7\u00e3o do Syriza, ao fil\u00f3sofo franc\u00eas Alain Badiou. A entrevista foi dada antes do Alexis Tsipras se render \u00e0 Angela Merkel e jogar fora a luta contra a imposi\u00e7\u00f5es da banca internacional sobre a pol\u00edtica grega. E essa, vista a posteriori, foi uma atitude de cujos riscos Kouvelakis chama a aten\u00e7\u00e3o.<\/p>\n<p>Diz ele, <em>\u201cNecesitamos inflingir derrotas a las pol\u00edticas neoliberales. Para ello, la experiencia griega ense\u00f1a que movimientos y movilizaciones son la condici\u00f3n indispensable, el punto de partida de este proceso, pero no son suficientes en s\u00ed mismos. Hay que tomar el Estado sin dejarse tomar completamente\u00a0por\u00a0el Estado. Ah\u00ed est\u00e1 todo el problema\u201d.<\/em><\/p>\n<p>Ao ganhar elei\u00e7\u00f5es \u2013 na Gr\u00e9cia como primeiro ministro e, no Brasil, com Lula para a presid\u00eancia, um partido realmente tem que tomar em conta que passa a governar para toda a na\u00e7\u00e3o. As tarefas de governo s\u00e3o mais amplas e complexas que os programas partid\u00e1rios. No entanto, iludir-se quanto a assumir o governo e, com isso, \u201cdeixar-se tomar completamente pelo Estado\u201d \u00e9 sempre um erro fatal. Ao que parece, o foi na Gr\u00e9cia, tal como Kouvelakis alertava. E certamente aconteceu no Brasil.<\/p>\n<p>O PT drenou quadros da estrutura partid\u00e1ria e dos movimentos sociais para as tarefas de governo. Em parte \u2013 na maioria dos casos \u2013 com raz\u00e3o. Era necess\u00e1rio ter pessoas com afinidades pol\u00edticas e ideol\u00f3gicas na dire\u00e7\u00e3o dos \u00f3rg\u00e3os de governo. E isso \u00e9 totalmente diferente da ideia de \u201caparelhamento\u201d que a oposi\u00e7\u00e3o tenta passar. Todo e qualquer governo seria ing\u00eanuo de deixar que postos chave da administra\u00e7\u00e3o fossem dirigidos por advers\u00e1rios.<\/p>\n<p>O erro n\u00e3o foi exatamente esse.<\/p>\n<p>Mas, ao drenar esses quadros para as tarefas da administra\u00e7\u00e3o, o PT n\u00e3o apenas deixou os movimentos sociais e os sindicatos sem dirigentes experientes. Foi pior. Achou que, a partir do Estado, podia substituir a a\u00e7\u00e3o dessas organiza\u00e7\u00f5es, \u201cdando-lhes\u201d o que reivindicavam. Ao mesmo tempo, embarcou nas negocia\u00e7\u00f5es mais desastrosas na constru\u00e7\u00e3o da tal \u201cbase aliada\u201d \u2013 no primeiro governo do Lula, com gente como Roberto Jefferson! \u2013 e continuando a feudalizar a administra\u00e7\u00e3o.<\/p>\n<p>Some-se a isso a submiss\u00e3o ao corporativismo. O Lula se gaba de sempre nomear o \u201cprimeiro da lista\u201d dos indicados para a procuradoria e outros cargos de Estado que apresentam listas tr\u00edplices para a nomea\u00e7\u00e3o. Ora, se s\u00e3o listas tr\u00edplices, todos os indicados s\u00e3o representativos, e cabe ao governo escolher quem acha melhor qualificado entre eles, e n\u00e3o se render ao corporativismo. O resultado aparente \u00e9 uma maior liberdade de a\u00e7\u00e3o \u201crepublicana\u201d desses \u00f3rg\u00e3os. S\u00f3 que, em vez de engavetar o que interessava ao governo, como na era FHC, o ativismo da PGR se desvela na sele\u00e7\u00e3o do que investigar. E temos a\u00ed o Janot como chefe do estado maior do golpe, como diz o Nassif. E nem falemos na falta de crit\u00e9rios para as nomea\u00e7\u00f5es do STF e outros tribunais. Faltam-me palavras&#8230;.<\/p>\n<p>Outro erro fundamental foi cometido na pol\u00edtica de comunica\u00e7\u00e3o. O livro do Bernardo Kucinsky, \u201cCartas ao Lula\u201d, mostra quantas vezes ele foi alertado para os furos da pol\u00edtica de comunica\u00e7\u00e3o do governo.<\/p>\n<p>A ilus\u00e3o da \u201cm\u00eddia t\u00e9cnica\u201d, consolidada pelo Franklin Martins, e a ilus\u00e3o de que os blogs e as redes sociais substituiriam a imprensa tradicional foi outro erro s\u00e9rio. Hoje estamos a\u00ed nos queixando do PIG e sua a\u00e7\u00e3o conspiradora. Ora, a pr\u00f3pria experi\u00eancia hist\u00f3rica j\u00e1 havia demonstrado cabalmente a import\u00e2ncia da exist\u00eancia de um jornal independente. O que teria sido do Get\u00falio sem Samuel Wainer e a \u201c\u00daltima Hora\u201d? Juscelino teria governado tamb\u00e9m sem ela? Quantos anos o golpe foi adiado por conta dos movimentos sociais e da \u201c\u00daltima Hora\u201d?<\/p>\n<p>J\u00e1 havia tratado disso, em novembro de 2015, em um post intitulado <strong>PIG, REDES SOCIAIS E A IN\u00c9RCIA PETISTA.<\/strong> <a href=\"http:\/\/www.zagaia.blog.br\/?p=564\">http:\/\/www.zagaia.blog.br\/?p=564<\/a> Onde est\u00e1 o jornal que compete com o PIG? O problema \u00e9 que houve a ilus\u00e3o de que, com a \u201cm\u00eddia t\u00e9cnica\u201d, a m\u00e1 vontade da imprensa seria neutralizada. Isso, em uma frase simples, significa <strong>ilus\u00e3o de classe<\/strong>. Achar que o PIG estava decadente, e que a burguesia iria dispensar tranquilamente suas poderosas ferramentas midi\u00e1ticas foi outro dos erros s\u00e9rios.<\/p>\n<p>Com isso tudo, e para concluir, a ideia de que o parlamento \u00e9 o \u201cretrato\u201d do povo brasileiro \u00e9 simplesmente uma ideia falsa e derrotista. O parlamento \u00e9 o que \u00e9 TAMB\u00c9M por conta da in\u00e9rcia e da incompet\u00eancia em entender o papel dos movimentos sociais e da imprensa.<\/p>\n","protected":false},"excerpt":{"rendered":"<p>Quando voltamos para casa \u2013 Maria Jos\u00e9 e eu \u2013 depois de assistirmos ao deprimente espet\u00e1culo da vota\u00e7\u00e3o do golpe na C\u00e2mara dos Deputados, a mensagem chegou pelo celular: \u201cMe liga, v\u00f3\u201d. &nbsp; &nbsp; &nbsp; &nbsp; &nbsp; &nbsp; &nbsp; Liguei &hellip; <a href=\"http:\/\/www.zagaia.blog.br\/?p=592\">Continue lendo <span class=\"meta-nav\">&rarr;<\/span><\/a><\/p>\n","protected":false},"author":1,"featured_media":0,"comment_status":"open","ping_status":"open","sticky":false,"template":"","format":"standard","meta":{"jetpack_post_was_ever_published":false},"categories":[1],"tags":[261,263,262],"jetpack_featured_media_url":"","jetpack_shortlink":"https:\/\/wp.me\/p4Lc9A-9y","_links":{"self":[{"href":"http:\/\/www.zagaia.blog.br\/index.php?rest_route=\/wp\/v2\/posts\/592"}],"collection":[{"href":"http:\/\/www.zagaia.blog.br\/index.php?rest_route=\/wp\/v2\/posts"}],"about":[{"href":"http:\/\/www.zagaia.blog.br\/index.php?rest_route=\/wp\/v2\/types\/post"}],"author":[{"embeddable":true,"href":"http:\/\/www.zagaia.blog.br\/index.php?rest_route=\/wp\/v2\/users\/1"}],"replies":[{"embeddable":true,"href":"http:\/\/www.zagaia.blog.br\/index.php?rest_route=%2Fwp%2Fv2%2Fcomments&post=592"}],"version-history":[{"count":3,"href":"http:\/\/www.zagaia.blog.br\/index.php?rest_route=\/wp\/v2\/posts\/592\/revisions"}],"predecessor-version":[{"id":597,"href":"http:\/\/www.zagaia.blog.br\/index.php?rest_route=\/wp\/v2\/posts\/592\/revisions\/597"}],"wp:attachment":[{"href":"http:\/\/www.zagaia.blog.br\/index.php?rest_route=%2Fwp%2Fv2%2Fmedia&parent=592"}],"wp:term":[{"taxonomy":"category","embeddable":true,"href":"http:\/\/www.zagaia.blog.br\/index.php?rest_route=%2Fwp%2Fv2%2Fcategories&post=592"},{"taxonomy":"post_tag","embeddable":true,"href":"http:\/\/www.zagaia.blog.br\/index.php?rest_route=%2Fwp%2Fv2%2Ftags&post=592"}],"curies":[{"name":"wp","href":"https:\/\/api.w.org\/{rel}","templated":true}]}}