{"id":522,"date":"2015-09-12T22:58:18","date_gmt":"2015-09-13T01:58:18","guid":{"rendered":"http:\/\/www.zagaia.blog.br\/?p=522"},"modified":"2015-09-12T22:58:18","modified_gmt":"2015-09-13T01:58:18","slug":"petra-preta-e-a-crise","status":"publish","type":"post","link":"http:\/\/www.zagaia.blog.br\/?p=522","title":{"rendered":"PETRA, PRETA E A CRISE"},"content":{"rendered":"<p>A coluna de hoje do Bessa me incentivou a comentar algumas coisas que penso faz tempo. Tem a ver com a Petra, a Preta e tamb\u00e9m com a crise.<\/p>\n<p>N\u00e3o apenas a crise que vivemos aqui, mas como tudo isso \u00e9 express\u00e3o de um problema bem maior.<\/p>\n<p><a onclick=\"javascript:pageTracker._trackPageview('\/downloads\/wp-content\/uploads\/2015\/09\/baba.jpg');\"  href=\"https:\/\/i0.wp.com\/www.zagaia.blog.br\/wp-content\/uploads\/2015\/09\/baba.jpg\"><img decoding=\"async\" loading=\"lazy\" class=\"alignnone size-full wp-image-523\" src=\"https:\/\/i0.wp.com\/www.zagaia.blog.br\/wp-content\/uploads\/2015\/09\/baba.jpg?resize=640%2C149\" alt=\"baba\" width=\"640\" height=\"149\" srcset=\"https:\/\/i0.wp.com\/www.zagaia.blog.br\/wp-content\/uploads\/2015\/09\/baba.jpg?w=782 782w, https:\/\/i0.wp.com\/www.zagaia.blog.br\/wp-content\/uploads\/2015\/09\/baba.jpg?resize=300%2C70 300w\" sizes=\"(max-width: 640px) 100vw, 640px\" data-recalc-dims=\"1\" \/><\/a><br \/>\nUm dos epis\u00f3dios da \u00faltima campanha presidencial que achei mais interessante \u2013 e que foi pouqu\u00edssimo divulgado no clima de \u00f3dio que come\u00e7ou por ali e continua at\u00e9 hoje \u2013 foi um debate entre o Guido Mantega e o Arm\u00ednio Fraga, mediado pela M\u00edriam Leit\u00e3o. Eu assisti na \u00e9poca, e tentei at\u00e9 recuperar para postar por aqui, mas o v\u00eddeo s\u00f3 est\u00e1 dispon\u00edvel para assinantes da Net&#8230;<\/p>\n<p>No debate \u2013 no qual a M\u00edriam Leit\u00e3o se portou muit\u00edssimo bem, como boa jornalista que, quando quer ser, \u00e9 \u2013 a discuss\u00e3o foi de alto n\u00edvel, entre dois economistas de n\u00edvel e que se respeitam.<\/p>\n<p>O Arm\u00ednio, voc\u00eas lembram, vivia dizendo que a crise internacional j\u00e1 havia passado, e o que t\u00ednhamos aqui no Brasil era um problema de \u201ccompet\u00eancia\u201d (j\u00e1 chego l\u00e1 nesse item). O Mantega, em ess\u00eancia disse que: a) a crise internacional n\u00e3o havia acabado, estava se desdobrando e assumia novas formas; b) por isso mesmo, as medidas que haviam sido tomadas para permitir uma situa\u00e7\u00e3o relativamente confort\u00e1vel do Brasil nos primeiros momentos n\u00e3o eram suficientes nem corretas dentro desses novos desdobramentos; c) era necess\u00e1rio tomar outras medidas para superar as dificuldades fiscais, a queda no pre\u00e7o das commodities, a desacelera\u00e7\u00e3o da China e a situa\u00e7\u00e3o \u201csolu\u00e7ante\u201d na Europa, onde a Alemanha quase entrou em recess\u00e3o t\u00e9cnica ano passado.<\/p>\n<p>Obviamente n\u00e3o adiantou que tipo de medidas deveriam ser tomadas. Afinal, ele j\u00e1 estava praticamente demitido, e substitu\u00eddo est\u00e1 pelo tecnocrata Joaquim Levy. O Mantega pagou o pato pela lucidez, clareza e lealdade, e certamente, se tivesse condi\u00e7\u00f5es pol\u00edticas de continuar, n\u00e3o teria adotado essa desabalada \u2013 e realmente incompetente \u2013 corrida para a direita que o segundo mandato da Dilma est\u00e1 executando.<\/p>\n<p>(As ofensas pessoais que ele sofreu em pelo menos duas ocasi\u00f5es mostram o quando se deteriorou a civilidade por aqui. Na \u00faltima, no restaurante, ele conseguiu identificar os dois trogloditas que o xingaram e abriu processo. Os dois, mostrando o qu\u00e3o covardes e oportunistas s\u00e3o, apresentaram humilhantes pedidos de desculpa em troca dele desistir da a\u00e7\u00e3o. O Mantega aceitou. Eu sinceramente, n\u00e3o sei se aceitaria&#8230;).(Sem falar nos xingamentos \u00e0 Presidenta da Rep\u00fablica).<\/p>\n<p>Nem vou me estender mais sobre a incompet\u00eancia pol\u00edtica que a Dilma est\u00e1 demonstrando nesse segundo mandato. Fica para uma pr\u00f3xima.<\/p>\n<p>Mas o caso da Petra e das centenas de milhares de refugiados que fogem do Oriente M\u00e9dia e da \u00c1frica e buscam abrigo em outros pa\u00edses, al\u00e9m da Gr\u00e9cia, da China e de n\u00f3s mesmos, s\u00e3o, digamos, singela demonstra\u00e7\u00e3o da gravidade e dos desdobramentos da crise. N\u00e3o \u00e9 s\u00f3 a guerra \u2013 que evidentemente \u00e9 um dos fortes gatilhos para a fuga dos coitados \u2013 como a situa\u00e7\u00e3o de crise que continuamos vivendo. Crise que leva ao fortalecimento das direitas pelo mundo afora, acirra os medos e os \u00f3dios e elimina os m\u00ednimos resqu\u00edcios de solidariedade e trabalho comum que afinal de contas, nos fizeram humanos.<\/p>\n<p>Achar os Bates e Saint-Hilaire hoje anda cada vez mais dif\u00edcil. O que abunda por enquanto, al\u00e9m dos xingadores, s\u00e3o as Petra, os Trump, as Marine Le Pen et caterva.<\/p>\n<p>Mas vamos ao Bessa, que \u00e9 melhor.<\/p>\n<p><strong>SOMOS FILHOS DA PETRA OU DA PRETA?<br \/>\nJos\u00e9 Ribamar Bessa Freire<br \/>\n<a onclick=\"javascript:pageTracker._trackPageview('\/outgoing\/www.taquiprati.com.br\/cronica.php?ident=1161');\"  href=\"http:\/\/www.taquiprati.com.br\/cronica.php?ident=1161\" target=\"_blank\">13\/09\/2015 &#8211; Di\u00e1rio do Amazonas<\/a><br \/>\n<\/strong><\/p>\n<p>Desocupado (a) leitor (a), pe\u00e7o que examines os fatos com isen\u00e7\u00e3o, sem preconceitos e depois me diz com toda a sinceridade quem \u00e9 a civilizada: a Petra ou a Preta? Qual das duas podia ser tua m\u00e3e? Quem \u00e9 que gostarias que te educasse e com quais valores e princ\u00edpios \u00e9ticos?<\/p>\n<div id=\"attachment_524\" style=\"width: 188px\" class=\"wp-caption alignleft\"><a onclick=\"javascript:pageTracker._trackPageview('\/downloads\/wp-content\/uploads\/2015\/09\/Petra-1.jpg');\"  href=\"https:\/\/i0.wp.com\/www.zagaia.blog.br\/wp-content\/uploads\/2015\/09\/Petra-1.jpg\"><img aria-describedby=\"caption-attachment-524\" decoding=\"async\" loading=\"lazy\" class=\"wp-image-524 size-medium\" src=\"https:\/\/i0.wp.com\/www.zagaia.blog.br\/wp-content\/uploads\/2015\/09\/Petra-1.jpg?resize=178%2C300\" alt=\"Petra 1\" width=\"178\" height=\"300\" srcset=\"https:\/\/i0.wp.com\/www.zagaia.blog.br\/wp-content\/uploads\/2015\/09\/Petra-1.jpg?resize=178%2C300 178w, https:\/\/i0.wp.com\/www.zagaia.blog.br\/wp-content\/uploads\/2015\/09\/Petra-1.jpg?w=516 516w\" sizes=\"(max-width: 178px) 100vw, 178px\" data-recalc-dims=\"1\" \/><\/a><p id=\"caption-attachment-524\" class=\"wp-caption-text\">A desgra\u00e7ada ainda usa o sobrenome do personagem do &#8220;Casablanca&#8221;, que era her\u00f3i da resist\u00eancia ao nazismo<\/p><\/div>\n<p>A Petra vive em Budapeste \u00e0s margens do rio Dan\u00fabio, centro financeiro, cultural e hist\u00f3rico da Europa. Estudou na Universidade de P\u00e9cs, uma das mais antigas do mundo, fundada em 1367 pelo rei Lu\u00eds I da Hungria, um pa\u00eds com v\u00e1rios ganhadores do Pr\u00eamio Nobel. Frequenta teatros, museus, cinemas, bibliotecas, centros culturais e restaurantes sofisticados. Fala ingl\u00eas, russo e alem\u00e3o, al\u00e9m do h\u00fangaro que, segundo Chico Buarque, \u00e9 &#8220;a \u00fanica l\u00edngua do mundo que o diabo respeita&#8221;. Rep\u00f3rter da rede N1TV, filma, fotografa, usa computador, carro, metr\u00f4, avi\u00e3o e perfume franc\u00eas.<\/p>\n<p>A Preta nasceu no cora\u00e7\u00e3o da floresta nos arredores de \u00d3bidos, no Par\u00e1, na garganta do rio Amazonas. N\u00e3o sabe ler, nunca frequentou escola. A &#8220;biblioteca&#8221; mais pr\u00f3xima, distante v\u00e1rios dias de remo, conta apenas vinte livros numa prateleira dentro de uma <em>&#8220;choupana de barro coberta de folhas de palmeiras nas margens do Tocantins, que pertence ao escriv\u00e3o do lugar, um jovem mameluco chamado Soares&#8221;<\/em> (p.58). Seus irm\u00e3os foram assassinados por um tal <em>&#8220;major Gama, comandante militar de \u00d3bidos&#8221;<\/em> (p.103) Embora n\u00e3o fale uma palavra de franc\u00eas, ela se exilou em Paris.<\/p>\n<p><strong>A budapestina<\/strong><\/p>\n<p>O que foi que Petra e Preta fizeram para atrair a aten\u00e7\u00e3o? A jornalista Petra Laszlo se celebrizou na ter\u00e7a-feira quando chutou uma menina e deu rasteira num refugiado com uma crian\u00e7a no colo, derrubando-os, em cena que escandalizou o planeta. Fez isso diante da dor do mundo que contempla impotente o sufoco de milh\u00f5es de refugiados, as mortes de um menino de tr\u00eas anos numa praia turca e de 71 migrantes, entre eles crian\u00e7as, asfixiados num caminh\u00e3o em estrada da \u00c1ustria.\u00a0<a onclick=\"javascript:pageTracker._trackPageview('\/downloads\/wp-content\/uploads\/2015\/09\/Petra-3-rasteira.jpg');\"  href=\"https:\/\/i0.wp.com\/www.zagaia.blog.br\/wp-content\/uploads\/2015\/09\/Petra-3-rasteira.jpg\"><img decoding=\"async\" loading=\"lazy\" class=\"alignright size-medium wp-image-525\" src=\"https:\/\/i0.wp.com\/www.zagaia.blog.br\/wp-content\/uploads\/2015\/09\/Petra-3-rasteira.jpg?resize=300%2C207\" alt=\"Petra 3 rasteira\" width=\"300\" height=\"207\" srcset=\"https:\/\/i0.wp.com\/www.zagaia.blog.br\/wp-content\/uploads\/2015\/09\/Petra-3-rasteira.jpg?resize=300%2C207 300w, https:\/\/i0.wp.com\/www.zagaia.blog.br\/wp-content\/uploads\/2015\/09\/Petra-3-rasteira.jpg?w=690 690w\" sizes=\"(max-width: 300px) 100vw, 300px\" data-recalc-dims=\"1\" \/><\/a><\/p>\n<p>Essa trag\u00e9dia humanit\u00e1ria de propor\u00e7\u00f5es gigantescas que afeta o Oriente M\u00e9dio, o norte da \u00c1frica e o mundo inteiro, n\u00e3o comoveu o cora\u00e7\u00e3o p\u00e9treo da jornalista, que abandonou seu papel de testemunha para colaborar com a pol\u00edcia, criando um fato novo. Derrubou um homem que tentava desesperadamente furar a barreira policial na fronteira da Hungria com a S\u00e9rvia com o filho no colo. Chutou-os para film\u00e1-los nocauteados, mordendo o p\u00f3. A agress\u00e3o, registrada por um colega, foi amplamente divulgada pela m\u00eddia e pelas redes sociais.<\/p>\n<p>Ningu\u00e9m sabe detalhes de sua vida, s\u00f3 que ela trabalhava na TV da Rede do Jobbik, o partido de extrema-direita atualmente no poder, que soltou a pol\u00edcia, como c\u00e3es raivosos, contra os refugiados. Mas diante do esc\u00e2ndalo, nem seus colegas cavernosos lhe deram apoio. Embora Petra seja o retrato da direita europeia e tenha feito com os p\u00e9s o que se faz diariamente com o discurso, com o olhar, com posturas, foi demitida e pode cumprir at\u00e9 sete anos de pris\u00e3o, o que ainda \u00e9 pouco.<\/p>\n<p>Nada mais foi dito sobre Petra na acanhada cobertura jornal\u00edstica. Neste s\u00e1bado (12) ela apareceu publicamente se apresentando como &#8220;uma m\u00e3e solteira desempregada com filhos pequenos&#8221;, lamentando haver tomado &#8220;uma decis\u00e3o errada&#8221; num momento de susto. Ser\u00e1?<\/p>\n<p>Ficamos sem saber como Petra Laszlo perdeu sua humanidade. Para que servem livros, filmes, m\u00fasica, exposi\u00e7\u00f5es, cursos, viagens, dom\u00ednio de l\u00ednguas estrangeiras, se o resultado \u00e9 esse lixo moral? Como \u00e9 que algu\u00e9m sai de uma universidade com o cora\u00e7\u00e3o ainda mais endurecido, incapaz de um gesto de compaix\u00e3o, de solidariedade, sem a compreens\u00e3o dos fatos hist\u00f3ricos e do papel da intelligentsia? Que bosta de universidade \u00e9 essa? Onde \u00e9 que esse traste estudou jornalismo, quem foram seus professores, que disciplinas cursou, qual o espa\u00e7o curricular para discutir as quest\u00f5es \u00e9ticas?<\/p>\n<p>At\u00e9 o bairro onde vive essa budapestina mal amante e mal amada pode ser informa\u00e7\u00e3o pertinente. Ela vive em Buda, na margem direita do Dan\u00fabio ou em Peste, na margem esquerda? \u00c9 mesmo m\u00e3e solteira? Tem namorado, j\u00e1 beijou e amou algu\u00e9m, j\u00e1 deram uma cafungada no cangote dela? Quem teria coragem de t\u00ea-la como companheira: algum Bolsonaro de Budapeste? Como trata os filhos? Tem irm\u00e3os e sobrinhos? Qual a rela\u00e7\u00e3o com seus pais e vizinhos, que tipo de musica aprecia, quais os filmes que viu, que livros leu, quem foram seus colegas de escola? Ela \u00e9 o contr\u00e1rio da Preta.<\/p>\n<p><strong>A amaz\u00f4nida<\/strong><\/p>\n<p>A Preta viu seus irm\u00e3os da floresta serem assassinados pelo major Gama e n\u00e3o se sabe como acabou se refugiando na Fran\u00e7a, junto com sua irm\u00e3 Chica. Quem conta a hist\u00f3ria delas \u00e9 Henry Walter Bates, um cientista ingl\u00eas que viveu onze anos na Amaz\u00f4nia (de 1848 a 1859) e colaborou de perto com Charles Darwin. Ele escreveu um livro, onde registrou a hist\u00f3ria de Preta e Chica, que n\u00e3o aparecem com esses nomes.<\/p>\n<p>As duas foram recebidas em Paris por \u00c9tienne Geoffroy Saint-Hilaire, um naturalista franc\u00eas, professor da Sorbonne e por seu filho Isidore (1805-1861), zo\u00f3logo e m\u00e9dico. Ficaram hospedadas no Jardim das Plantas. Quem d\u00e1 not\u00edcias do ex\u00edlio e dos gestos de solidariedade e humanidade delas \u00e9 Bates:<\/p>\n<p><em>&#8220;Segundo relato feito por Geoffroy St.Hilaire elas raramente se separavam, permanecendo constantemente abra\u00e7adas e com as caudas enla\u00e7ando o corpo uma da outra. Comiam juntas, e nessas ocasi\u00f5es em que a amizade dos animais \u00e9 posta duramente \u00e0 prova, elas nunca brigavam pela posse de alguma fruta ou petisco preferido&#8221; (p.104).<\/em><\/p>\n<p><a onclick=\"javascript:pageTracker._trackPageview('\/downloads\/wp-content\/uploads\/2015\/09\/218.jpg');\"  href=\"https:\/\/i0.wp.com\/www.zagaia.blog.br\/wp-content\/uploads\/2015\/09\/218.jpg\"><img decoding=\"async\" loading=\"lazy\" class=\"alignleft size-medium wp-image-526\" src=\"https:\/\/i0.wp.com\/www.zagaia.blog.br\/wp-content\/uploads\/2015\/09\/218.jpg?resize=300%2C193\" alt=\"218\" width=\"300\" height=\"193\" srcset=\"https:\/\/i0.wp.com\/www.zagaia.blog.br\/wp-content\/uploads\/2015\/09\/218.jpg?resize=300%2C193 300w, https:\/\/i0.wp.com\/www.zagaia.blog.br\/wp-content\/uploads\/2015\/09\/218.jpg?w=640 640w\" sizes=\"(max-width: 300px) 100vw, 300px\" data-recalc-dims=\"1\" \/><\/a>\u00a0Preta e Chica eram duas macacas da esp\u00e9cie cuat\u00e1 (Ateles Paniscus), pretas, grandes e de pelos \u00e1speros, com uma colora\u00e7\u00e3o amarelada nas partes da cara, desprendidas e generosas, que nos ensinam a repartir o p\u00e3o. Sua fam\u00edlia foi dizimada pelo major Gama, que matava v\u00e1rios macacos cada semana, cuja carne \u00e9 apreciada na regi\u00e3o. Elas se salvaram porque fugiram para Paris, Bates relata a cena que testemunhou com a m\u00e3e delas:<\/p>\n<p><em>&#8220;Tratava-se de uma macaca j\u00e1 velha, que acompanhava seu dono, comerciante, em todas as suas viagens pelo rio. Desejando dar a mim um exemplo da intelig\u00eancia e do sentimento do animal, o homem p\u00f4s-se a xing\u00e1-la violentamente, usando de todos os vitup\u00e9rios em que \u00e9 f\u00e9rtil a l\u00edngua portuguesa. A pobre macaca, sentada humildemente no ch\u00e3o, parecia arrasada por essa manifesta\u00e7\u00e3o de raiva. Come\u00e7ou a choramingar e por fim rompeu num choro convulsivo, que lhe sacudia o corpo todo (&#8230;.) Finalmente o seu dono mudou de tom:<\/em><\/p>\n<p><em>&#8211; \u00c9 tudo mentira, minha velha, voc\u00ea \u00e9 um anjo, uma flor, uma criatura muito boa e carinhosa.<\/em><\/p>\n<p><em>A macaca parou de chorar imediatamente e logo depois veio sentar-se perto dele&#8221; (p.104).<\/em><\/p>\n<p>Na Assembleia Geral da ONU que come\u00e7a na ter\u00e7a (15) em Nova York, as na\u00e7\u00f5es do mundo tem que dizer se somos filhos da Preta &#8211; essa selvagem prenhe de humanidade, ou da Petra &#8211; essa esc\u00f3ria fedorenta da civiliza\u00e7\u00e3o. A presidente Dilma Rousseff j\u00e1 se pronunciou em artigo na Folha de SP &#8211; Os refugiados e a esperan\u00e7a &#8211; na qual condena a xenofobia e elogia o comandante da corveta Barroso que salvou mais de 200 refugiados vindos da L\u00edbia, cujo barco estava \u00e0 deriva. \u00c9 bom advertir que o assunto \u00e9 muito s\u00e9rio para ser usado mesquinhamente como picuinha oposicionista.<br \/>\nNo caminho de volta em busca da ancestralidade e da humanidade perdida, \u00e9 da Preta que eu gostaria de ser filho, da Preta Sapiens, que chora, ri, compartiha, sente, ama e abra\u00e7a..<br \/>\nP.S. &#8211; As cita\u00e7\u00f5es s\u00e3o do livro de Henry Walter Bates: Um naturalista no Rio Amazonas. S\u00e3o Paulo\/Belo Horizonte, USP\/Itatiaia. 1979, 300 pp.<\/p>\n<p><strong>A Petra e a galeria de seus colegas<\/strong><br \/>\n<a onclick=\"javascript:pageTracker._trackPageview('\/downloads\/wp-content\/uploads\/2015\/09\/merda-2.jpg');\"  href=\"https:\/\/i0.wp.com\/www.zagaia.blog.br\/wp-content\/uploads\/2015\/09\/merda-2.jpg\"><img decoding=\"async\" loading=\"lazy\" class=\"alignnone size-medium wp-image-530\" src=\"https:\/\/i0.wp.com\/www.zagaia.blog.br\/wp-content\/uploads\/2015\/09\/merda-2.jpg?resize=300%2C102\" alt=\"merda 2\" width=\"300\" height=\"102\" srcset=\"https:\/\/i0.wp.com\/www.zagaia.blog.br\/wp-content\/uploads\/2015\/09\/merda-2.jpg?resize=300%2C102 300w, https:\/\/i0.wp.com\/www.zagaia.blog.br\/wp-content\/uploads\/2015\/09\/merda-2.jpg?w=841 841w\" sizes=\"(max-width: 300px) 100vw, 300px\" data-recalc-dims=\"1\" \/><\/a><\/p>\n<p><a onclick=\"javascript:pageTracker._trackPageview('\/downloads\/wp-content\/uploads\/2015\/09\/Petra-2.jpg');\"  href=\"https:\/\/i0.wp.com\/www.zagaia.blog.br\/wp-content\/uploads\/2015\/09\/Petra-2.jpg\"><img decoding=\"async\" loading=\"lazy\" class=\"alignnone size-thumbnail wp-image-527\" src=\"https:\/\/i0.wp.com\/www.zagaia.blog.br\/wp-content\/uploads\/2015\/09\/Petra-2.jpg?resize=150%2C150\" alt=\"Petra 2\" width=\"150\" height=\"150\" srcset=\"https:\/\/i0.wp.com\/www.zagaia.blog.br\/wp-content\/uploads\/2015\/09\/Petra-2.jpg?resize=150%2C150 150w, https:\/\/i0.wp.com\/www.zagaia.blog.br\/wp-content\/uploads\/2015\/09\/Petra-2.jpg?zoom=2&amp;resize=150%2C150 300w, https:\/\/i0.wp.com\/www.zagaia.blog.br\/wp-content\/uploads\/2015\/09\/Petra-2.jpg?zoom=3&amp;resize=150%2C150 450w\" sizes=\"(max-width: 150px) 100vw, 150px\" data-recalc-dims=\"1\" \/><\/a><a onclick=\"javascript:pageTracker._trackPageview('\/downloads\/wp-content\/uploads\/2015\/09\/marine.jpg');\"  href=\"https:\/\/i0.wp.com\/www.zagaia.blog.br\/wp-content\/uploads\/2015\/09\/marine.jpg\"><img decoding=\"async\" loading=\"lazy\" class=\"alignnone size-thumbnail wp-image-528\" src=\"https:\/\/i0.wp.com\/www.zagaia.blog.br\/wp-content\/uploads\/2015\/09\/marine.jpg?resize=150%2C150\" alt=\"marine\" width=\"150\" height=\"150\" data-recalc-dims=\"1\" \/><\/a> <a onclick=\"javascript:pageTracker._trackPageview('\/downloads\/wp-content\/uploads\/2015\/09\/trump.jpg');\"  href=\"https:\/\/i0.wp.com\/www.zagaia.blog.br\/wp-content\/uploads\/2015\/09\/trump.jpg\"><img decoding=\"async\" loading=\"lazy\" class=\"alignnone size-thumbnail wp-image-529\" src=\"https:\/\/i0.wp.com\/www.zagaia.blog.br\/wp-content\/uploads\/2015\/09\/trump.jpg?resize=150%2C150\" alt=\"trump\" width=\"150\" height=\"150\" data-recalc-dims=\"1\" \/><\/a><\/p>\n","protected":false},"excerpt":{"rendered":"<p>A coluna de hoje do Bessa me incentivou a comentar algumas coisas que penso faz tempo. Tem a ver com a Petra, a Preta e tamb\u00e9m com a crise. N\u00e3o apenas a crise que vivemos aqui, mas como tudo isso &hellip; <a href=\"http:\/\/www.zagaia.blog.br\/?p=522\">Continue lendo <span class=\"meta-nav\">&rarr;<\/span><\/a><\/p>\n","protected":false},"author":1,"featured_media":0,"comment_status":"open","ping_status":"open","sticky":false,"template":"","format":"standard","meta":{"jetpack_post_was_ever_published":false},"categories":[133],"tags":[237,236],"jetpack_featured_media_url":"","jetpack_shortlink":"https:\/\/wp.me\/p4Lc9A-8q","_links":{"self":[{"href":"http:\/\/www.zagaia.blog.br\/index.php?rest_route=\/wp\/v2\/posts\/522"}],"collection":[{"href":"http:\/\/www.zagaia.blog.br\/index.php?rest_route=\/wp\/v2\/posts"}],"about":[{"href":"http:\/\/www.zagaia.blog.br\/index.php?rest_route=\/wp\/v2\/types\/post"}],"author":[{"embeddable":true,"href":"http:\/\/www.zagaia.blog.br\/index.php?rest_route=\/wp\/v2\/users\/1"}],"replies":[{"embeddable":true,"href":"http:\/\/www.zagaia.blog.br\/index.php?rest_route=%2Fwp%2Fv2%2Fcomments&post=522"}],"version-history":[{"count":1,"href":"http:\/\/www.zagaia.blog.br\/index.php?rest_route=\/wp\/v2\/posts\/522\/revisions"}],"predecessor-version":[{"id":531,"href":"http:\/\/www.zagaia.blog.br\/index.php?rest_route=\/wp\/v2\/posts\/522\/revisions\/531"}],"wp:attachment":[{"href":"http:\/\/www.zagaia.blog.br\/index.php?rest_route=%2Fwp%2Fv2%2Fmedia&parent=522"}],"wp:term":[{"taxonomy":"category","embeddable":true,"href":"http:\/\/www.zagaia.blog.br\/index.php?rest_route=%2Fwp%2Fv2%2Fcategories&post=522"},{"taxonomy":"post_tag","embeddable":true,"href":"http:\/\/www.zagaia.blog.br\/index.php?rest_route=%2Fwp%2Fv2%2Ftags&post=522"}],"curies":[{"name":"wp","href":"https:\/\/api.w.org\/{rel}","templated":true}]}}