{"id":518,"date":"2015-09-11T21:22:58","date_gmt":"2015-09-12T00:22:58","guid":{"rendered":"http:\/\/www.zagaia.blog.br\/?p=518"},"modified":"2015-09-11T21:22:58","modified_gmt":"2015-09-12T00:22:58","slug":"dois-onze-de-setembro","status":"publish","type":"post","link":"http:\/\/www.zagaia.blog.br\/?p=518","title":{"rendered":"DOIS ONZE DE SETEMBRO"},"content":{"rendered":"<p>Os gringos e a imprensa mundial n\u00e3o deixam ningu\u00e9m se esquecer do 11 de setembro de 2001. O atentado ao World Trade Center em New York provocou n\u00e3o apenas quase tr\u00eas mil mortes diretas, como gerou uma s\u00e9rie de guerras, foi pretexto para a promulga\u00e7\u00e3o do \u201cPatriotic Act\u201d \u2013 lei que d\u00e1 superpoderes de corte fascista \u00e0 pol\u00edcia e ao Minist\u00e9rio de Seguran\u00e7a dos EUA \u2013, levou ao investimento de bilh\u00f5es de d\u00f3lares na espionagem eletr\u00f4nica pelo mundo inteiro.<\/p>\n<p>Bom, os Estados Unidos experimentaram na pele aquilo que j\u00e1 haviam contribu\u00eddo ativamente para fazer o povo chileno sofrer, em um 11 de setembro, em 1973, quando o general Pinochet derrubou o governo de Salvador Allende. Golpe que deixou mais de 35.000 v\u00edtimas diretas: 28 000 foram torturados, 2.279 deles executados e cerca de 1.248 que continuam como desaparecidos depois de presos. Para al\u00e9m disso, cerca de 200.000 pessoas iriam para o ex\u00edlio e um n\u00famero n\u00e3o determinado (de v\u00e1rias dezenas de milhares) passou por pris\u00f5es clandestinas.<\/p>\n<div id=\"attachment_519\" style=\"width: 273px\" class=\"wp-caption alignleft\"><a onclick=\"javascript:pageTracker._trackPageview('\/downloads\/wp-content\/uploads\/2015\/09\/la-moneda.jpg');\"  href=\"https:\/\/i0.wp.com\/www.zagaia.blog.br\/wp-content\/uploads\/2015\/09\/la-moneda.jpg\"><img aria-describedby=\"caption-attachment-519\" decoding=\"async\" loading=\"lazy\" class=\"size-full wp-image-519\" src=\"https:\/\/i0.wp.com\/www.zagaia.blog.br\/wp-content\/uploads\/2015\/09\/la-moneda.jpg?resize=263%2C192\" alt=\"11 de setembro de 1973. La Moneda bombardeado no golpe do Pinochet.\" width=\"263\" height=\"192\" data-recalc-dims=\"1\" \/><\/a><p id=\"caption-attachment-519\" class=\"wp-caption-text\">11 de setembro de 1973. La Moneda bombardeado no golpe do Pinochet.<\/p><\/div>\n<p>Depois de dois anos preso pela ditadura brasileira, tive que sair do Brasil. Mas queria ficar na Am\u00e9rica Latina, e se vislumbravam tr\u00eas op\u00e7\u00f5es: Argentina, Chile e Peru. A Argentina, com Per\u00f3n, j\u00e1 deslizava para o golpe. No Chile, com Salvador Allende, comentava-se que o ex\u00e9rcito era \u201cdemocr\u00e1tico\u201d e que o pa\u00eds n\u00e3o sofrera a praga dos golpes que assolavam o resto da Am\u00e9rica Latina. No Peru, diziam que o ex\u00e9rcito j\u00e1 havia feito uma \u201crevolu\u00e7\u00e3o de esquerda\u201d, com reforma agr\u00e1ria, desapropria\u00e7\u00e3o de grandes fazendas, desapropria\u00e7\u00e3o das refinarias, nacionaliza\u00e7\u00f5es, etc.<\/p>\n<p>Jamais acreditei em for\u00e7as armadas que se voltassem contra a estrutura de classes de um estado. Por isso mesmo, essa hist\u00f3ria de que o ex\u00e9rcito chileno jamais daria um golpe nunca me convenceu. Ent\u00e3o, descartamos o Chile.<\/p>\n<p>No Peru, a situa\u00e7\u00e3o era diferente. Quer\u00edamos entender o que acontecia por l\u00e1, mas isso j\u00e1 ser\u00e1 objeto de outro post. S\u00f3 adianto que a experi\u00eancia peruana me vacinou totalmente contra a doen\u00e7a de acreditar que ex\u00e9rcito institucionalizado pode ser revolucion\u00e1rio e popular, uma febre que de vez em quando acomete a esquerda.<\/p>\n<p>O fato era que est\u00e1vamos morando em Lima naquele fat\u00eddico 11 de setembro.<\/p>\n<p>Internet n\u00e3o havia, \u00e9 claro. Desde a v\u00e9spera, as not\u00edcias da imin\u00eancia do golpe cresciam. A situa\u00e7\u00e3o vinha se agravando a di\u00e1rio, ali\u00e1s, e a demiss\u00e3o do General Prats (que depois foi assassinado pelos sic\u00e1rios do Pinochet), deixava iminente que pelo menos haveria tentativa de golpe.<br \/>\nAcreditava-se, entretanto, que o governo de Allende teria condi\u00e7\u00f5es de resistir. Carlos Altamirando, do PC Chileno, disse que o Chile se transformaria em outro Vietn\u00e3. No fundo, apesar de n\u00e3o acreditar nisso, t\u00ednhamos esperan\u00e7a de que a experi\u00eancia da Unidad Popular sobrevivesse.<\/p>\n<p>Aconteceu o que aconteceu.<\/p>\n<div id=\"attachment_520\" style=\"width: 284px\" class=\"wp-caption alignleft\"><a onclick=\"javascript:pageTracker._trackPageview('\/downloads\/wp-content\/uploads\/2015\/09\/download.jpg');\"  href=\"https:\/\/i0.wp.com\/www.zagaia.blog.br\/wp-content\/uploads\/2015\/09\/download.jpg\"><img aria-describedby=\"caption-attachment-520\" decoding=\"async\" loading=\"lazy\" class=\"wp-image-520 size-full\" src=\"https:\/\/i0.wp.com\/www.zagaia.blog.br\/wp-content\/uploads\/2015\/09\/download.jpg?resize=274%2C184\" alt=\"11 de setembro de 2001. As torres atacadas.\" width=\"274\" height=\"184\" data-recalc-dims=\"1\" \/><\/a><p id=\"caption-attachment-520\" class=\"wp-caption-text\">11 de setembro de 2001, As torres atacadas.<\/p><\/div>\n<p>No segundo 11 de setembro, o que atacou a Gringol\u00e2ndia, eu estava em Montreal, participando \u2013 a convite dos canadenses \u2013 de um encontro sobre diversidade cultural. Era parte do movimento que acabou resultando na Conven\u00e7\u00e3o sobre a Diversidade Cultural, aprovada e j\u00e1 ratificada pela UNESCO.<\/p>\n<p>No intervalo do primeiro dia do encontro (11), estourou a not\u00edcia, com as imagens do primeiro avi\u00e3o batendo na torre do WTC. Foi um desconcerto total. Na hora do almo\u00e7o, j\u00e1 com as filmagens do segundo avi\u00e3o e a queda dos edif\u00edcios, a consterna\u00e7\u00e3o era geral.<\/p>\n<p>Bem ou mal o encontro continuou at\u00e9 o final, no dia seguinte.<\/p>\n<p>O notici\u00e1rio era um horror. Primeiro, o aviso que de todos os voos de e para os EUA estavam suspensos. Eu tinha passagem de volta j\u00e1 na quarta, via New York, onde pretendia passar um par de dias. Tudo suspenso.<\/p>\n<p>Os canadenses, corret\u00edssimos, avisaram que garantiam o hotel enquanto durasse a proibi\u00e7\u00e3o de pousos, e colocaram seu pessoal para tentar resolver cada caso. Para os europeus n\u00e3o havia problema, pois os voos continuavam operando. Mas, para os sul-americanos, n\u00e3o. Todos os voos faziam escala, na \u00e9poca, em alguma cidade dos EUA. Se o problema continuasse, cheguei a cogitar em comprar uma passagem para a Europa e de l\u00e1 voltar para o Brasil.<\/p>\n<p>Montreal \u00e9 uma cidade \u00f3tima, com uma vida cultural intensa. S\u00f3 que ningu\u00e9m tinha \u00e2nimo para ir a cinema, teatro ou concerto. Todos os ilhados passavam o dia no quarto, vendo o horripilante notici\u00e1rio.<\/p>\n<p>Os comentaristas da televis\u00e3o dos EUA eram um espet\u00e1culo a parte, e extremamente deprimente. As exorta\u00e7\u00f5es para a guerra eram continuadas e hist\u00e9ricas. P\u00e9rolas como um deles dizendo que isso de direitos humanos s\u00f3 valiam para os gringos, e que aqueles terroristas nojentos tinham que ser exterminados, sa\u00edam a tr\u00eas por dois.<\/p>\n<p>Um dos convidados ao encontro era o Daniel Divinski, da Ediciones de la Flor, a editora do Quino, entre outros. Daniel \u00e9 um sujeito formid\u00e1vel, bem-humorado, com uma hist\u00f3ria impec\u00e1vel de combate \u00e0 ditadura argentina e pela liberdade de express\u00e3o. Um desses dias, no caf\u00e9 da manh\u00e3, decidimos sair de alguma maneira para espairecer.<\/p>\n<p>J\u00e1 era final do outono, o que, no Canad\u00e1, significa frio pra caramba, embora n\u00e3o nevasse. O hotel estava perto do cais do rio S\u00e3o Louren\u00e7o, a porta de entrada do Canad\u00e1 pelo Atl\u00e2ntico. \u00c9 um enorme estu\u00e1rio, com muitas ilhas.<\/p>\n<p>E o servi\u00e7o de bateau mouche ainda estava funcionando.<\/p>\n<p>Sem disposi\u00e7\u00e3o para coisas mais profundas, l\u00e1 fomos n\u00f3s. Dois senhores, de sobretudo e cachecol, sozinhos no deque do barco, tomando uma ta\u00e7a de vinho pelos meandros do rio, comentando o evento e, \u00e9 claro que sem nenhuma necessidade de bola de cristal, prevendo a chuva de bombas que cairia no Iraque e no Afeganist\u00e3o.<\/p>\n<p>Na sexta-feira consegui voltar para o Brasil, via Houston. Depr\u00ea que nem s\u00f3, com esse segundo 11 de abril, tal como no primeiro.<\/p>\n","protected":false},"excerpt":{"rendered":"<p>Os gringos e a imprensa mundial n\u00e3o deixam ningu\u00e9m se esquecer do 11 de setembro de 2001. O atentado ao World Trade Center em New York provocou n\u00e3o apenas quase tr\u00eas mil mortes diretas, como gerou uma s\u00e9rie de guerras, &hellip; <a href=\"http:\/\/www.zagaia.blog.br\/?p=518\">Continue lendo <span class=\"meta-nav\">&rarr;<\/span><\/a><\/p>\n","protected":false},"author":1,"featured_media":0,"comment_status":"open","ping_status":"open","sticky":false,"template":"","format":"standard","meta":{"jetpack_post_was_ever_published":false},"categories":[1],"tags":[],"jetpack_featured_media_url":"","jetpack_shortlink":"https:\/\/wp.me\/p4Lc9A-8m","_links":{"self":[{"href":"http:\/\/www.zagaia.blog.br\/index.php?rest_route=\/wp\/v2\/posts\/518"}],"collection":[{"href":"http:\/\/www.zagaia.blog.br\/index.php?rest_route=\/wp\/v2\/posts"}],"about":[{"href":"http:\/\/www.zagaia.blog.br\/index.php?rest_route=\/wp\/v2\/types\/post"}],"author":[{"embeddable":true,"href":"http:\/\/www.zagaia.blog.br\/index.php?rest_route=\/wp\/v2\/users\/1"}],"replies":[{"embeddable":true,"href":"http:\/\/www.zagaia.blog.br\/index.php?rest_route=%2Fwp%2Fv2%2Fcomments&post=518"}],"version-history":[{"count":1,"href":"http:\/\/www.zagaia.blog.br\/index.php?rest_route=\/wp\/v2\/posts\/518\/revisions"}],"predecessor-version":[{"id":521,"href":"http:\/\/www.zagaia.blog.br\/index.php?rest_route=\/wp\/v2\/posts\/518\/revisions\/521"}],"wp:attachment":[{"href":"http:\/\/www.zagaia.blog.br\/index.php?rest_route=%2Fwp%2Fv2%2Fmedia&parent=518"}],"wp:term":[{"taxonomy":"category","embeddable":true,"href":"http:\/\/www.zagaia.blog.br\/index.php?rest_route=%2Fwp%2Fv2%2Fcategories&post=518"},{"taxonomy":"post_tag","embeddable":true,"href":"http:\/\/www.zagaia.blog.br\/index.php?rest_route=%2Fwp%2Fv2%2Ftags&post=518"}],"curies":[{"name":"wp","href":"https:\/\/api.w.org\/{rel}","templated":true}]}}