{"id":468,"date":"2015-07-04T19:47:48","date_gmt":"2015-07-04T22:47:48","guid":{"rendered":"http:\/\/www.zagaia.blog.br\/?p=468"},"modified":"2015-07-04T19:49:19","modified_gmt":"2015-07-04T22:49:19","slug":"quando-a-caneta-nao-resolve","status":"publish","type":"post","link":"http:\/\/www.zagaia.blog.br\/?p=468","title":{"rendered":"QUANDO A CANETA N\u00c3O RESOLVE&#8230;"},"content":{"rendered":"<p><em>Se vis pacem, para bellum.\u00a0<\/em>O prov\u00e9rbio romano do S\u00e9culo IV anda bem atual. Reclamamos, nos indignamos diante das telas dos computadores, e os fascistas ficam cada vez mais audaciosos.<\/p>\n<p>Olhem s\u00f3 a <a onclick=\"javascript:pageTracker._trackPageview('\/outgoing\/www.taquiprati.com.br\/cronica.php?ident=1151');\"  href=\"http:\/\/www.taquiprati.com.br\/cronica.php?ident=1151\" target=\"_blank\">coluna do Bessa<\/a> desta semana.<\/p>\n<p><a onclick=\"javascript:pageTracker._trackPageview('\/downloads\/wp-content\/uploads\/2015\/07\/taquiprati.jpg');\"  href=\"https:\/\/i0.wp.com\/www.zagaia.blog.br\/wp-content\/uploads\/2015\/07\/taquiprati.jpg\" target=\"_blank\"><img decoding=\"async\" loading=\"lazy\" class=\"alignleft wp-image-469 size-full\" src=\"https:\/\/i0.wp.com\/www.zagaia.blog.br\/wp-content\/uploads\/2015\/07\/taquiprati.jpg?resize=640%2C270\" alt=\"taquiprati\" width=\"640\" height=\"270\" srcset=\"https:\/\/i0.wp.com\/www.zagaia.blog.br\/wp-content\/uploads\/2015\/07\/taquiprati.jpg?w=771 771w, https:\/\/i0.wp.com\/www.zagaia.blog.br\/wp-content\/uploads\/2015\/07\/taquiprati.jpg?resize=300%2C126 300w\" sizes=\"(max-width: 640px) 100vw, 640px\" data-recalc-dims=\"1\" \/><\/a><\/p>\n<p>&#8211; Ele n\u00e3o assina nem que a vaca tussa &#8211; disse a primeira.<\/p>\n<p>&#8211; S\u00f3 assina se for pressionado &#8211; falou a segunda.<\/p>\n<p>Sei que as duas falam pelos cotovelos, mas nunca tive a sorte de conversar com elas. Quando a primeira, que \u00e9 conciliadora, sofre uma derrota, cede o lugar para a segunda, que n\u00e3o rejeita briga. Foi o historiador Neimar Machado de Sousa, professor da Universidade Federal da Grande Dourados, que encontrou as duas numa sala do sexto andar do Minist\u00e9rio da Educa\u00e7\u00e3o em Bras\u00edlia e, finalmente, conseguiu, entrevist\u00e1-las.<\/p>\n<p>Neimar pode formular perguntas. Doutor em Educa\u00e7\u00e3o pela Universidade Federal de S\u00e3o Carlos e mestre em hist\u00f3ria regional do Mato Grosso do Sul, ele \u00e9 &#8220;rato de arquivo&#8221;. Andou xeretando documenta\u00e7\u00e3o do SPI &#8211; Servi\u00e7o de Prote\u00e7\u00e3o aos \u00cdndios em projeto com o Museu do \u00cdndio para catalogar, divulgar e colocar a documenta\u00e7\u00e3o acess\u00edvel aos \u00edndios e aos pesquisadores. Andou pelos arquivos do Paraguai e participou da cria\u00e7\u00e3o do Centro de Refer\u00eancia Virtual da Mem\u00f3ria e do Patrim\u00f4nio Cultural Guarani e Kaiow\u00e1.<br \/>\nA documenta\u00e7\u00e3o encontrada nos arquivos d\u00e1 conta da presen\u00e7a dos \u00edndios na regi\u00e3o, da invas\u00e3o dos seus territ\u00f3rios e do conflito pela terra, al\u00e9m da participa\u00e7\u00e3o deles, j\u00e1 despossu\u00eddos do seu ch\u00e3o, nos empreendimentos locais como a explora\u00e7\u00e3o da erva-mate e a forma\u00e7\u00e3o de pastagens em fazendas. O historiador publicou livros e artigos sobre a catequese jesu\u00edtica e sobre a constru\u00e7\u00e3o colonial da fome entre os Guarani. Por isso, talvez seja a pessoa mais indicada para realizar as entrevistas que fez, num momento em que se acirra o conflito agr\u00e1rio entre \u00edndios e fazendeiros.<\/p>\n<p><strong>Os conflitos<\/strong><br \/>\n<a onclick=\"javascript:pageTracker._trackPageview('\/downloads\/wp-content\/uploads\/2015\/07\/xavante-borduna-0959.jpg');\"  href=\"https:\/\/i0.wp.com\/www.zagaia.blog.br\/wp-content\/uploads\/2015\/07\/xavante-borduna-0959.jpg\"><img decoding=\"async\" loading=\"lazy\" class=\"alignnone size-full wp-image-470\" src=\"https:\/\/i0.wp.com\/www.zagaia.blog.br\/wp-content\/uploads\/2015\/07\/xavante-borduna-0959.jpg?resize=576%2C642\" alt=\"xavante borduna 0959\" width=\"576\" height=\"642\" srcset=\"https:\/\/i0.wp.com\/www.zagaia.blog.br\/wp-content\/uploads\/2015\/07\/xavante-borduna-0959.jpg?w=576 576w, https:\/\/i0.wp.com\/www.zagaia.blog.br\/wp-content\/uploads\/2015\/07\/xavante-borduna-0959.jpg?resize=269%2C300 269w\" sizes=\"(max-width: 576px) 100vw, 576px\" data-recalc-dims=\"1\" \/><\/a><br \/>\nA origem do conflito reside basicamente no fato de que em passado recente os \u00edndios foram expulsos de suas terras, algumas delas vendidas pelo pr\u00f3prio Estado, que agora prop\u00f5e, atrav\u00e9s do Minist\u00e9rio da Justi\u00e7a, indenizar os fazendeiros para que se retirem do territ\u00f3rio ind\u00edgena. Os fazendeiros, que estavam negociando a sa\u00edda, mudaram de ideia diante da possibilidade do Congresso Nacional aprovar a Proposta de Emenda \u00e0 Constitui\u00e7\u00e3o (PEC 215) que favorece seus interesses.<\/p>\n<p>Foi nesse contexto que Neimar Machado de Sousa realizou as entrevistas, cujo texto intitulado A CANETA E A BORDUNA reproduzo aqui, aproveitando tamb\u00e9m para piratear a foto.<\/p>\n<p><em>&#8220;Representantes ind\u00edgenas de v\u00e1rios estados juntaram-se a uma delega\u00e7\u00e3o de professores e caciques das etnias Guarani, Kaiow\u00e1 e Terena do Mato Grosso do Sul e partiram para Bras\u00edlia, onde durante dois dias visitaram alguns \u00f3rg\u00e3os do governo federal. Uma pergunta que se fizeram v\u00e1rias vezes foi: o que nos trouxe aqui?<\/em><\/p>\n<p><em>Durante dois dias acompanhei, como observador, esse grupo e procurei ler-escutar os seus textos-falas para encontrar uma resposta. Ouvi muitas explica\u00e7\u00f5es. Uma delas foi escrita pelo cacique Jorge Gomes, da aldeia Piraku\u00e1, em frente \u00e1 Advocacia Geral da Uni\u00e3o:<\/em><\/p>\n<p><em>&#8211; Nossos direitos n\u00e3o tem partido &#8211; conclamou os aliados do alto de sua sabedoria. Outra resposta foi verbalizada pelo \u00edndio Cret\u00e3 Kaingang, do Paran\u00e1:<\/em><\/p>\n<p><em>&#8211; Meu pai foi morto, lutando pelas terras usurpadas, sem nenhuma provid\u00eancia, por mais de sessenta anos. Eu era apenas um garoto de oito anos de idade&#8221;. J\u00e1 a professora Teodora de Souza explicou a Paulo Gabriel Nacif (SECADI-MEC) e ao representante da Secretaria Geral da Presid\u00eancia da Rep\u00fablica o que entendia por p\u00e1tria educadora:<\/em><\/p>\n<p><em>&#8211; Uma na\u00e7\u00e3o que todos, independentes de sua etnia, tenham acesso justo, gratuito, aos bens culturais. Uma na\u00e7\u00e3o em que os saberes n\u00e3o sejam privil\u00e9gios de uma pequena elite.<\/em><\/p>\n<p><a onclick=\"javascript:pageTracker._trackPageview('\/downloads\/wp-content\/uploads\/2015\/07\/11255464_851949004841915_948293847_o.jpg');\"  href=\"https:\/\/i0.wp.com\/www.zagaia.blog.br\/wp-content\/uploads\/2015\/07\/11255464_851949004841915_948293847_o.jpg\"><img decoding=\"async\" loading=\"lazy\" class=\"alignleft size-large wp-image-471\" src=\"https:\/\/i0.wp.com\/www.zagaia.blog.br\/wp-content\/uploads\/2015\/07\/11255464_851949004841915_948293847_o.jpg?resize=640%2C379\" alt=\"11255464_851949004841915_948293847_o\" width=\"640\" height=\"379\" srcset=\"https:\/\/i0.wp.com\/www.zagaia.blog.br\/wp-content\/uploads\/2015\/07\/11255464_851949004841915_948293847_o.jpg?resize=1024%2C607 1024w, https:\/\/i0.wp.com\/www.zagaia.blog.br\/wp-content\/uploads\/2015\/07\/11255464_851949004841915_948293847_o.jpg?resize=300%2C178 300w, https:\/\/i0.wp.com\/www.zagaia.blog.br\/wp-content\/uploads\/2015\/07\/11255464_851949004841915_948293847_o.jpg?w=1280 1280w, https:\/\/i0.wp.com\/www.zagaia.blog.br\/wp-content\/uploads\/2015\/07\/11255464_851949004841915_948293847_o.jpg?w=1920 1920w\" sizes=\"(max-width: 640px) 100vw, 640px\" data-recalc-dims=\"1\" \/><\/a><em>De todas as respostas, a mais contundente foi escrita em uma fotografia, em cuja legenda eu escreveria: a caneta e a borduna. O professor, flagrado pelo fot\u00f3grafo, coordena uma licenciatura ind\u00edgena na cidade de Aquidauana &#8211; MS e a borduna, \u00e0 sua frente, pertence ao cacique Jorge Gomes, da etnia kaiow\u00e1. Intrigou-me como os dois objetos foram se encontrar no sexto andar do Minist\u00e9rio Educa\u00e7\u00e3o, em Bras\u00edlia \u2013 DF. Fui entrevistar os objetos em segredo.<\/em><\/p>\n<p><em>A borduna, um pouco r\u00edspida, contou-me muitas aventuras contra inimigos ferozes de outras tribos, abatidos em guerras imemoriais. Falou sobre sua participa\u00e7\u00e3o na vingan\u00e7a dos parentes devorados por felinos-homens, predadores de \u00edndios, chamados pelos Guarani de ava poro\u2019\u00fa. Os cronistas coloniais Hans Staden, Jean de L\u00e9ry e o soci\u00f3logo Florestan Fernandes ajudaram-me na investiga\u00e7\u00e3o.<\/em><\/p>\n<p><em>Entrevistar a caneta foi bem mais f\u00e1cil, pois ela foi bastante eloquente. Contou-me que tem andado em muitos gabinetes de Bras\u00edlia. Em alguns mais ausentes. Portas fechadas. Nas aldeias, disse-me, aprendemos, nos \u00faltimos anos a escrever palavras nas l\u00ednguas maternas dos povos ind\u00edgenas;. Falou-me que ajudou muitos professores-pesquisadores a registrar hist\u00f3rias de anci\u00e3os que n\u00e3o conseguem esquecer traumas pelas remo\u00e7\u00f5es de aldeias inteiras, quando eram tamb\u00e9m garotos, contra a pr\u00f3pria vontade, em caminh\u00f5es de transportar gado, sob a mira cuidadosa de \u201cseguran\u00e7as\u201d armados e impedidos por anos de retornar ao local onde foi enterrado seu ponchito ku\u00ea, o cord\u00e3o umbilical.<\/em><\/p>\n<p><em><strong>J\u00e1 no final da entrevista, o s\u00e1bio objeto, bem mais \u00e0 vontade, confidenciou-me que sua maior frustra\u00e7\u00e3o na vida foi n\u00e3o conseguir colaborar, n\u00e3o por falta de vontade, mas por omiss\u00e3o de algumas autoridades, a rabiscar seu maior sonho: a assinatura da homologa\u00e7\u00e3o das terras ind\u00edgenas, que, segunda ela, est\u00e1 escondida numa gaveta do Ministro da Justi\u00e7a, em Bras\u00edlia. Diante de tantos relatos, compreendi o que trouxe estes professores e l\u00edderes ind\u00edgenas \u00e0 Bras\u00edlia. Vieram ensinar ao governo que a p\u00e1tria educadora \u00e9 a irm\u00e3 g\u00eamea da p\u00e1tria de direitos. Uma n\u00e3o vive sem a outra&#8221;.<\/strong><\/em><\/p>\n","protected":false},"excerpt":{"rendered":"<p>Se vis pacem, para bellum.\u00a0O prov\u00e9rbio romano do S\u00e9culo IV anda bem atual. Reclamamos, nos indignamos diante das telas dos computadores, e os fascistas ficam cada vez mais audaciosos. Olhem s\u00f3 a coluna do Bessa desta semana. &#8211; Ele n\u00e3o &hellip; <a href=\"http:\/\/www.zagaia.blog.br\/?p=468\">Continue lendo <span class=\"meta-nav\">&rarr;<\/span><\/a><\/p>\n","protected":false},"author":1,"featured_media":0,"comment_status":"open","ping_status":"open","sticky":false,"template":"","format":"standard","meta":{"jetpack_post_was_ever_published":false},"categories":[133],"tags":[210,211],"jetpack_featured_media_url":"","jetpack_shortlink":"https:\/\/wp.me\/p4Lc9A-7y","_links":{"self":[{"href":"http:\/\/www.zagaia.blog.br\/index.php?rest_route=\/wp\/v2\/posts\/468"}],"collection":[{"href":"http:\/\/www.zagaia.blog.br\/index.php?rest_route=\/wp\/v2\/posts"}],"about":[{"href":"http:\/\/www.zagaia.blog.br\/index.php?rest_route=\/wp\/v2\/types\/post"}],"author":[{"embeddable":true,"href":"http:\/\/www.zagaia.blog.br\/index.php?rest_route=\/wp\/v2\/users\/1"}],"replies":[{"embeddable":true,"href":"http:\/\/www.zagaia.blog.br\/index.php?rest_route=%2Fwp%2Fv2%2Fcomments&post=468"}],"version-history":[{"count":2,"href":"http:\/\/www.zagaia.blog.br\/index.php?rest_route=\/wp\/v2\/posts\/468\/revisions"}],"predecessor-version":[{"id":473,"href":"http:\/\/www.zagaia.blog.br\/index.php?rest_route=\/wp\/v2\/posts\/468\/revisions\/473"}],"wp:attachment":[{"href":"http:\/\/www.zagaia.blog.br\/index.php?rest_route=%2Fwp%2Fv2%2Fmedia&parent=468"}],"wp:term":[{"taxonomy":"category","embeddable":true,"href":"http:\/\/www.zagaia.blog.br\/index.php?rest_route=%2Fwp%2Fv2%2Fcategories&post=468"},{"taxonomy":"post_tag","embeddable":true,"href":"http:\/\/www.zagaia.blog.br\/index.php?rest_route=%2Fwp%2Fv2%2Ftags&post=468"}],"curies":[{"name":"wp","href":"https:\/\/api.w.org\/{rel}","templated":true}]}}