{"id":410,"date":"2015-06-11T15:39:11","date_gmt":"2015-06-11T18:39:11","guid":{"rendered":"http:\/\/www.zagaia.blog.br\/?p=410"},"modified":"2015-06-11T15:39:11","modified_gmt":"2015-06-11T18:39:11","slug":"burocracia-e-falta-de-bom-senso-na-administracao-tucana-da-saude","status":"publish","type":"post","link":"http:\/\/www.zagaia.blog.br\/?p=410","title":{"rendered":"BUROCRACIA E FALTA DE BOM SENSO NA ADMINISTRA\u00c7\u00c3O TUCANA DA SA\u00daDE"},"content":{"rendered":"<p>Sexta-feira passada tentei, com minha mulher, fazer a vacina\u00e7\u00e3o para gripe, parte da Campanha Nacional de vacina\u00e7\u00e3o (e que recebe para isso recursos do mal-falado SUS, atrav\u00e9s do Minist\u00e9rio da Sa\u00fade). A USB em que geralmente fa\u00e7o isso, ao lado da Escola de Sa\u00fade P\u00fablica da USP, na Av. Dr. Arnaldo, estava fechada. Enforcaram o feriado. O posto do Hospital Em\u00edlio Ribas tamb\u00e9m.<\/p>\n<p>Isso j\u00e1 \u00e9 um absurdo. Qual a raz\u00e3o para \u201cenforcar\u201d uma sexta-feira se n\u00e3o a de justificar pregui\u00e7a, m\u00e1 administra\u00e7\u00e3o e falta de controle da Secretaria Estadual de Sa\u00fade, com certeza conivente com isso, ao tamb\u00e9m dar uma injustificada \u201cfolga\u201d para seus funcion\u00e1rios.<\/p>\n<p>Convenhamos. Sou totalmente favor\u00e1vel a que os servidores p\u00fablicos recebam sal\u00e1rios dignos e tenham boas condi\u00e7\u00f5es de trabalho. \u00c9 uma luta com a qual sou integralmente solid\u00e1rio.<\/p>\n<p>Mas n\u00e3o sou solid\u00e1rio com esse tipo de distor\u00e7\u00e3o. Que, ali\u00e1s, n\u00e3o \u00e9 a \u00fanica que acontece no servi\u00e7o de sa\u00fade do Estado de S. Paulo, h\u00e1 vinte anos administrado pela tucanagem, que vive se vangloriando de ter administra\u00e7\u00e3o \u201cmoderna\u201d e voltada para o servi\u00e7o da popula\u00e7\u00e3o.<\/p>\n<p>Meuzovo!<\/p>\n<div id=\"attachment_411\" style=\"width: 310px\" class=\"wp-caption alignleft\"><a onclick=\"javascript:pageTracker._trackPageview('\/downloads\/wp-content\/uploads\/2015\/06\/capas.jpg');\"  href=\"https:\/\/i0.wp.com\/www.zagaia.blog.br\/wp-content\/uploads\/2015\/06\/capas.jpg\"><img aria-describedby=\"caption-attachment-411\" decoding=\"async\" loading=\"lazy\" class=\"size-medium wp-image-411\" src=\"https:\/\/i0.wp.com\/www.zagaia.blog.br\/wp-content\/uploads\/2015\/06\/capas.jpg?resize=300%2C169\" alt=\"CAPS - Nos feriados e fins de semanas os pacientes N\u00c3O precisam de aten\u00e7\u00e3o psico-social.\" width=\"300\" height=\"169\" srcset=\"https:\/\/i0.wp.com\/www.zagaia.blog.br\/wp-content\/uploads\/2015\/06\/capas.jpg?resize=300%2C169 300w, https:\/\/i0.wp.com\/www.zagaia.blog.br\/wp-content\/uploads\/2015\/06\/capas.jpg?resize=1024%2C577 1024w, https:\/\/i0.wp.com\/www.zagaia.blog.br\/wp-content\/uploads\/2015\/06\/capas.jpg?w=2048 2048w, https:\/\/i0.wp.com\/www.zagaia.blog.br\/wp-content\/uploads\/2015\/06\/capas.jpg?w=1280 1280w, https:\/\/i0.wp.com\/www.zagaia.blog.br\/wp-content\/uploads\/2015\/06\/capas.jpg?w=1920 1920w\" sizes=\"(max-width: 300px) 100vw, 300px\" data-recalc-dims=\"1\" \/><\/a><p id=\"caption-attachment-411\" class=\"wp-caption-text\">CAPS &#8211; Nos feriados e fins de semanas os pacientes N\u00c3O precisam de aten\u00e7\u00e3o psico-social.<\/p><\/div>\n<p>J\u00e1 citei o fato da CAPS \u2013 Centro de Assist\u00eancia Psico-Social que funciona aqui atr\u00e1s do MASP, na esquina das ruas Carlos Comenale e Itapeva n\u00e3o funcionar nos fins de semana. De segunda a sexta-feira, os pacientes que se beneficiam do tratamento sem interna\u00e7\u00e3o (resultado do amplo movimento antimanicomial) v\u00e3o para l\u00e1, s\u00e3o medicados, almo\u00e7am e recebem apoio terap\u00eautico e ocupacional.<\/p>\n<p>Mas s\u00e1bado e domingo s\u00e3o declarados s\u00e3os e aptos a dispensar do tratamento.<\/p>\n<p>O resultado, vis\u00edvel, \u00e9 que os mais pobres, sem ter onde ir, ficam mendigando pelas redondezas, dormindo na porta da fechada CAPS.<\/p>\n<p>Servi\u00e7o p\u00fablico de qualidade, meuzovo!<\/p>\n<p>Na quarta-feira, dia 10 de junho, fui fazer mais uma tentativa de ser vacinado contra a gripe na UBS da Dr. Arnaldo.<\/p>\n<p>Qual minha surpresa quando o vigilante me informa que todas as quartas feiras a UBS \u00e9 fechada ao p\u00fablico para \u201creuni\u00e3o de coordena\u00e7\u00e3o\u201d!<\/p>\n<div id=\"attachment_412\" style=\"width: 310px\" class=\"wp-caption alignleft\"><a onclick=\"javascript:pageTracker._trackPageview('\/downloads\/wp-content\/uploads\/2015\/06\/ubs-dr-arnado.jpg');\"  href=\"https:\/\/i0.wp.com\/www.zagaia.blog.br\/wp-content\/uploads\/2015\/06\/ubs-dr-arnado.jpg\"><img aria-describedby=\"caption-attachment-412\" decoding=\"async\" loading=\"lazy\" class=\"size-medium wp-image-412\" src=\"https:\/\/i0.wp.com\/www.zagaia.blog.br\/wp-content\/uploads\/2015\/06\/ubs-dr-arnado.jpg?resize=300%2C122\" alt=\"Na UBS ao lado da Faculdade de Sa\u00fade P\u00fablica, toda quarta-feira n\u00e3o se atendem os usu\u00e1rios: est\u00e3o &quot;coordenando&quot; o n\u00e3o-atendimento.\" width=\"300\" height=\"122\" srcset=\"https:\/\/i0.wp.com\/www.zagaia.blog.br\/wp-content\/uploads\/2015\/06\/ubs-dr-arnado.jpg?resize=300%2C122 300w, https:\/\/i0.wp.com\/www.zagaia.blog.br\/wp-content\/uploads\/2015\/06\/ubs-dr-arnado.jpg?w=958 958w\" sizes=\"(max-width: 300px) 100vw, 300px\" data-recalc-dims=\"1\" \/><\/a><p id=\"caption-attachment-412\" class=\"wp-caption-text\">Na UBS ao lado da Faculdade de Sa\u00fade P\u00fablica, toda quarta-feira n\u00e3o se atendem os usu\u00e1rios: est\u00e3o &#8220;coordenando&#8221; o n\u00e3o-atendimento.<\/p><\/div>\n<p>Solto uns berros ali, protestando, e pe\u00e7o desculpas ao vigia. Ele n\u00e3o tem nada com isso e est\u00e1 cumprindo sua fun\u00e7\u00e3o de vigilar, que nem \u00e9 a de informar os incautos que chegam. Mas o xingamento \u00e9 escutado por uma funcion\u00e1ria (de jaleco branco, ou seja, m\u00e9dica, enfermeira ou atendente), que deixou de ser coordenada para pitar seu cigarrinho fora do pr\u00e9dio. Consegui vacinar no Em\u00edlio Ribas.<\/p>\n<p>Mas essa hist\u00f3ria de \u201creuni\u00e3o de coordena\u00e7\u00e3o\u201d todas as quartas-feiras (segundo o vigia) merece observa\u00e7\u00f5es.<\/p>\n<p>N\u00e3o \u00e9 preciso haver cursado administra\u00e7\u00e3o (e, se o chefe da UBS for m\u00e9dico, pode at\u00e9 ter faltado o curso de administra\u00e7\u00e3o hospitalar ou administra\u00e7\u00e3o de sa\u00fade, se \u00e9 que as elitistas faculdades de medicina oferecem isso) para saber que as ATIVIDADES MEIO n\u00e3o podem ser pretexto para prejudicar as ATIVIDADES FIM.<\/p>\n<p>Ora, reuni\u00f5es de coordena\u00e7\u00e3o e administra\u00e7\u00e3o s\u00e3o ATIVIDADES MEIO para que a unidade funcione melhor para cumprir sua ATIVIDADE FIM, que \u00e9 ATENDER AO P\u00daBLICO.<\/p>\n<p>Um administrador com meio cent\u00edmetro de massa cinzenta divide as equipes para fazer reuni\u00f5es e passar orienta\u00e7\u00f5es (caso seja imprescind\u00edvel fazer reuni\u00f5es para isso, pois muitas vezes basta a supervis\u00e3o direta), de modo que haja sempre funcionamento da ATIVIDADE FIM.<\/p>\n<p>Se o chefe da tal UBS aproveita todas as quartas-feiras para fazer reuni\u00f5es t\u00e3o grandes que prejudicam o atendimento ao p\u00fablico, isso pode ser facilmente diagnosticado:<\/p>\n<p>1) O CHEFE DA USB \u00c9 UM ADMINISTRADOR INCOMPETENTE, BUROCRATA NO PIOR SENTIDO DA PALAVRA;<\/p>\n<p>2) A SECRETARIA DE ESTADO DA SA\u00daDE DE S. PAULO N\u00c3O T\u00caM MECANISMOS DE SUPERVIS\u00c3O PARA EVITAR IDIOTICES DESSE G\u00caNERO;<\/p>\n<p>Perdemos a oportunidade de eleger um administrador que j\u00e1 havia provado sua dedica\u00e7\u00e3o \u00e0s quest\u00f5es da sa\u00fade p\u00fablica, voltado para atendimento da popula\u00e7\u00e3o, principalmente dos mais pobres. Em vez de eleger o Alexandre Padilha, os paulistanos deram mais quatro anos para o Picol\u00e9 de Xuxu da Opus Dei, o tal Alckmin.<\/p>\n<p>E pagamos todos com a educa\u00e7\u00e3o e a sa\u00fade em frangalhos, bebendo esgoto \u201cfiltrado\u201d e outros belos exemplos da INCOMPET\u00caNCIA TUCANA PARA ADMINISTRAR.<\/p>\n<p>&nbsp;<\/p>\n","protected":false},"excerpt":{"rendered":"<p>Sexta-feira passada tentei, com minha mulher, fazer a vacina\u00e7\u00e3o para gripe, parte da Campanha Nacional de vacina\u00e7\u00e3o (e que recebe para isso recursos do mal-falado SUS, atrav\u00e9s do Minist\u00e9rio da Sa\u00fade). A USB em que geralmente fa\u00e7o isso, ao lado &hellip; <a href=\"http:\/\/www.zagaia.blog.br\/?p=410\">Continue lendo <span class=\"meta-nav\">&rarr;<\/span><\/a><\/p>\n","protected":false},"author":1,"featured_media":0,"comment_status":"open","ping_status":"open","sticky":false,"template":"","format":"standard","meta":{"jetpack_post_was_ever_published":false},"categories":[1],"tags":[202,200,201],"jetpack_featured_media_url":"","jetpack_shortlink":"https:\/\/wp.me\/p4Lc9A-6C","_links":{"self":[{"href":"http:\/\/www.zagaia.blog.br\/index.php?rest_route=\/wp\/v2\/posts\/410"}],"collection":[{"href":"http:\/\/www.zagaia.blog.br\/index.php?rest_route=\/wp\/v2\/posts"}],"about":[{"href":"http:\/\/www.zagaia.blog.br\/index.php?rest_route=\/wp\/v2\/types\/post"}],"author":[{"embeddable":true,"href":"http:\/\/www.zagaia.blog.br\/index.php?rest_route=\/wp\/v2\/users\/1"}],"replies":[{"embeddable":true,"href":"http:\/\/www.zagaia.blog.br\/index.php?rest_route=%2Fwp%2Fv2%2Fcomments&post=410"}],"version-history":[{"count":1,"href":"http:\/\/www.zagaia.blog.br\/index.php?rest_route=\/wp\/v2\/posts\/410\/revisions"}],"predecessor-version":[{"id":413,"href":"http:\/\/www.zagaia.blog.br\/index.php?rest_route=\/wp\/v2\/posts\/410\/revisions\/413"}],"wp:attachment":[{"href":"http:\/\/www.zagaia.blog.br\/index.php?rest_route=%2Fwp%2Fv2%2Fmedia&parent=410"}],"wp:term":[{"taxonomy":"category","embeddable":true,"href":"http:\/\/www.zagaia.blog.br\/index.php?rest_route=%2Fwp%2Fv2%2Fcategories&post=410"},{"taxonomy":"post_tag","embeddable":true,"href":"http:\/\/www.zagaia.blog.br\/index.php?rest_route=%2Fwp%2Fv2%2Ftags&post=410"}],"curies":[{"name":"wp","href":"https:\/\/api.w.org\/{rel}","templated":true}]}}