{"id":352,"date":"2015-04-14T14:16:50","date_gmt":"2015-04-14T17:16:50","guid":{"rendered":"http:\/\/www.zagaia.blog.br\/?p=352"},"modified":"2015-04-14T14:16:50","modified_gmt":"2015-04-14T17:16:50","slug":"syriza-podemos-o-pt-e-os-movimentos-sociais-talvez-licoes","status":"publish","type":"post","link":"http:\/\/www.zagaia.blog.br\/?p=352","title":{"rendered":"SYRIZA, PODEMOS, O PT E OS MOVIMENTOS SOCIAIS. TALVEZ LI\u00c7\u00d5ES."},"content":{"rendered":"<p><em>\u201cNecesitamos inflingir derrotas a las pol\u00edticas neoliberales. Para ello, la experiencia griega ense\u00f1a que movimientos y movilizaciones son la condici\u00f3n indispensable, el punto de partida de este proceso, pero no son suficientes en s\u00ed mismos. Hay que tomar el Estado sin dejarse tomar completamente\u00a0<\/em><em>por<\/em><em>\u00a0<\/em><em>el Estado. Ah\u00ed est\u00e1 todo el problema\u201d.<\/em> <strong>Stathis Kouvelakis<\/strong> em \u201c<a onclick=\"javascript:pageTracker._trackPageview('\/outgoing\/www.eldiario.es\/interferencias\/Alain_Badiou-Syriza_6_375922434.html');\"  href=\"http:\/\/www.eldiario.es\/interferencias\/Alain_Badiou-Syriza_6_375922434.html\" target=\"_blank\">Tomar el poder sin dejarse tomar por \u00e9l: di\u00e1logo entre el fil\u00f3sofo Alain Badiou y Stathis Kouvelakis, de Syriza<\/a>\u201d<\/p>\n<div id=\"attachment_353\" style=\"width: 301px\" class=\"wp-caption alignleft\"><a onclick=\"javascript:pageTracker._trackPageview('\/downloads\/wp-content\/uploads\/2015\/04\/sirisa.png');\"  href=\"https:\/\/i0.wp.com\/www.zagaia.blog.br\/wp-content\/uploads\/2015\/04\/sirisa.png\"><img aria-describedby=\"caption-attachment-353\" decoding=\"async\" loading=\"lazy\" class=\"size-medium wp-image-353\" src=\"https:\/\/i0.wp.com\/www.zagaia.blog.br\/wp-content\/uploads\/2015\/04\/sirisa.png?resize=291%2C300\" alt=\"Syrisa. Ser\u00e1 poss\u00edvel &quot;tomar o poder&quot; sem se deixar &quot;ser tomado pelo poder&quot;?\" width=\"291\" height=\"300\" srcset=\"https:\/\/i0.wp.com\/www.zagaia.blog.br\/wp-content\/uploads\/2015\/04\/sirisa.png?resize=291%2C300 291w, https:\/\/i0.wp.com\/www.zagaia.blog.br\/wp-content\/uploads\/2015\/04\/sirisa.png?w=416 416w\" sizes=\"(max-width: 291px) 100vw, 291px\" data-recalc-dims=\"1\" \/><\/a><p id=\"caption-attachment-353\" class=\"wp-caption-text\">Syrisa. Ser\u00e1 poss\u00edvel &#8220;tomar o poder&#8221; sem se deixar &#8220;ser tomado pelo poder&#8221;?<\/p><\/div>\n<p>Confesso que n\u00e3o conhe\u00e7o em profundidade nem o Syriza grego nem o Podemos espanhol. Acompanho o notici\u00e1rio, na medida do poss\u00edvel, e gostaria de saber mais, tanto sobre as propostas pol\u00edticas como tamb\u00e9m sobre a estrutura (ou estruturas) organizacionais dos gregos e dos espanh\u00f3is.<\/p>\n<p>A mat\u00e9ria de onde extra\u00ed a cita\u00e7\u00e3o acima \u00e9 um longo di\u00e1logo entre o veterano fil\u00f3sofo franc\u00eas Alain Badiou (com quem nem sempre compartilho ou compartilhei as posi\u00e7\u00f5es pol\u00edticas) e Stathis Kouvelakis, que \u00e9 professor de Ci\u00eancia Pol\u00edtica no King\u2019s College de Londres, membro do Comit\u00ea Central do Syriza. Kouvelakis<\/p>\n<div id=\"attachment_354\" style=\"width: 160px\" class=\"wp-caption alignleft\"><a href=\"http:\/\/www.zagaia.blog.br\/wp-content\/uploads\/2015\/04\/Kouvelakis.jpe\"><img aria-describedby=\"caption-attachment-354\" decoding=\"async\" loading=\"lazy\" class=\"wp-image-354 size-thumbnail\" src=\"http:\/\/www.zagaia.blog.br\/wp-content\/uploads\/2015\/04\/Kouvelakis-150x150.jpe\" alt=\"Kouvelakis, acad\u00eamico e membro do Comit\u00ea Central do Syriza.\" width=\"150\" height=\"150\" srcset=\"http:\/\/www.zagaia.blog.br\/wp-content\/uploads\/2015\/04\/Kouvelakis-150x150.jpe 150w, https:\/\/i0.wp.com\/www.zagaia.blog.br\/wp-content\/uploads\/2015\/04\/Kouvelakis.jpe?zoom=2&amp;resize=150%2C150 300w\" sizes=\"(max-width: 150px) 100vw, 150px\" \/><\/a><p id=\"caption-attachment-354\" class=\"wp-caption-text\">Kouvelakis, acad\u00eamico e membro do Comit\u00ea Central do Syriza.<\/p><\/div>\n<p>teve sua forma\u00e7\u00e3o acad\u00eamica praticamente toda feita na Fran\u00e7a, e tem como uma de suas principais tribunas o jornal online <a onclick=\"javascript:pageTracker._trackPageview('\/outgoing\/www.jacobinmag.com\/author\/stathis-kouvelakis\/');\"  href=\"https:\/\/www.jacobinmag.com\/author\/stathis-kouvelakis\/\" target=\"_blank\">Jacobin<\/a>. Apesar do nome franc\u00eas, Jacobin se apresenta como <em>\u201ca leading voice of the American left, offering socialist perspectives on politics, economics, and culture. The print magazine is released quarterly and reaches over 10,000 subscribers, in addition to a web audience of 600,000 a month\u201d<\/em>.<\/p>\n<p>O di\u00e1logo \u00e9 muito interessante e ilustrativo dos impasses e poss\u00edveis sa\u00eddas para a crise grega, as perspectivas do Syriza diante das autoridades monet\u00e1rias e pol\u00edticas europeias, e realmente vale a pena ser lido.<\/p>\n<p>Entretanto, gostaria apenas de chamar aten\u00e7\u00e3o, e brevemente, para os pontos apontados na ep\u00edgrafe.<\/p>\n<div id=\"attachment_355\" style=\"width: 160px\" class=\"wp-caption alignright\"><a onclick=\"javascript:pageTracker._trackPageview('\/downloads\/wp-content\/uploads\/2015\/04\/ditadura_da_ue_dos_monopolios.jpg');\"  href=\"https:\/\/i0.wp.com\/www.zagaia.blog.br\/wp-content\/uploads\/2015\/04\/ditadura_da_ue_dos_monopolios.jpg\"><img aria-describedby=\"caption-attachment-355\" decoding=\"async\" loading=\"lazy\" class=\"size-thumbnail wp-image-355\" src=\"https:\/\/i0.wp.com\/www.zagaia.blog.br\/wp-content\/uploads\/2015\/04\/ditadura_da_ue_dos_monopolios.jpg?resize=150%2C150\" alt=\"Os movimentos sociais foram a base da vit\u00f3ria do Syriza.\" width=\"150\" height=\"150\" srcset=\"https:\/\/i0.wp.com\/www.zagaia.blog.br\/wp-content\/uploads\/2015\/04\/ditadura_da_ue_dos_monopolios.jpg?resize=150%2C150 150w, https:\/\/i0.wp.com\/www.zagaia.blog.br\/wp-content\/uploads\/2015\/04\/ditadura_da_ue_dos_monopolios.jpg?zoom=2&amp;resize=150%2C150 300w, https:\/\/i0.wp.com\/www.zagaia.blog.br\/wp-content\/uploads\/2015\/04\/ditadura_da_ue_dos_monopolios.jpg?zoom=3&amp;resize=150%2C150 450w\" sizes=\"(max-width: 150px) 100vw, 150px\" data-recalc-dims=\"1\" \/><\/a><p id=\"caption-attachment-355\" class=\"wp-caption-text\">Os movimentos sociais foram a base da vit\u00f3ria do Syriza.<\/p><\/div>\n<p>Para mim, hoje, h\u00e1 clareza sobre uma \u2013 se n\u00e3o a principal, uma das principais \u2013 raz\u00e3o das dificuldades enfrentadas pelo Partido dos Trabalhadores, que inicia o quarto mandato na Presid\u00eancia da Rep\u00fablica enfrentando uma crise de enormes propor\u00e7\u00f5es. Essa raz\u00e3o \u00e9 a seguinte: o PT tomou a cabe\u00e7a do poder do Estado (falar em tomar o Estado \u00e9, aqui \u2013 e acredito que na Gr\u00e9cia tamb\u00e9m \u2013 um exagero formid\u00e1vel), e deixou-se \u201ctomar pelo Estado\u201d. Ou, pelo menos, pelo governo. E abandonou a fonte de sua for\u00e7a, que sempre foi a forte presen\u00e7a nos movimentos sociais.<\/p>\n<p>As peculiaridades do sistema pol\u00edtico brasileiro tornaram poss\u00edvel a elei\u00e7\u00e3o do Lula \u2013 e depois da Dilma \u2013 dentro do que se convencionou chamar de \u201cpresidencialismo de coaliz\u00e3o\u201d. Ou seja, uma forma de governo na qual o Presidente da Rep\u00fablica manda muito \u2013 embora menos do que se sup\u00f5e \u2013 mas depende do apoio de for\u00e7as muito heterog\u00eaneas no parlamento para poder governar.<\/p>\n<p>Essa li\u00e7\u00e3o foi aprendida por todos bem no in\u00edcio da retomada da democracia. O governo Collor caiu fundamentalmente por desprezar a correla\u00e7\u00e3o de for\u00e7as no parlamento, e acreditar em demasia no poder presidencial. Some-se a isso o fato da elei\u00e7\u00e3o do \u201cca\u00e7ador de maraj\u00e1s\u201d ter-se dado em um contexto em que a direita conservadora topava qualquer coisa para evitar a elei\u00e7\u00e3o do Lula, inclusive, no frigir dos ovos, apoiar um candidato demagogo, inconsistente, e que crescia com uma ret\u00f3rica moralista e populista que se revelou totalmente incompetente logo nos primeiros meses de governo.<\/p>\n<div id=\"attachment_356\" style=\"width: 160px\" class=\"wp-caption alignright\"><a href=\"http:\/\/www.zagaia.blog.br\/wp-content\/uploads\/2015\/04\/pc-e-collor.jpe\"><img aria-describedby=\"caption-attachment-356\" decoding=\"async\" loading=\"lazy\" class=\"size-thumbnail wp-image-356\" src=\"http:\/\/www.zagaia.blog.br\/wp-content\/uploads\/2015\/04\/pc-e-collor-150x150.jpe\" alt=\"PC Farias e Collor. A falta de base parlamentar levou ao impedimento.\" width=\"150\" height=\"150\" \/><\/a><p id=\"caption-attachment-356\" class=\"wp-caption-text\">PC Farias e Collor. A falta de base parlamentar levou ao impedimento.<\/p><\/div>\n<p>A debilidade do partideco que nominalmente lan\u00e7ou o Collor, e a desaforada tentativa de compra de apoios com o leil\u00e3o de cargos conduzida pelo caixa-preta PC Farias completaram o cen\u00e1rio de sua desestabiliza\u00e7\u00e3o, que resultou no impedimento.<\/p>\n<div id=\"attachment_357\" style=\"width: 160px\" class=\"wp-caption alignleft\"><a onclick=\"javascript:pageTracker._trackPageview('\/downloads\/wp-content\/uploads\/2015\/04\/300px-Fernando_Collor_deixa_a_presid\u00eancia.jpg');\"  href=\"https:\/\/i0.wp.com\/www.zagaia.blog.br\/wp-content\/uploads\/2015\/04\/300px-Fernando_Collor_deixa_a_presid\u00eancia.jpg\"><img aria-describedby=\"caption-attachment-357\" decoding=\"async\" loading=\"lazy\" class=\"size-thumbnail wp-image-357\" src=\"https:\/\/i0.wp.com\/www.zagaia.blog.br\/wp-content\/uploads\/2015\/04\/300px-Fernando_Collor_deixa_a_presid\u00eancia.jpg?resize=150%2C150\" alt=\"Collor sai do Planalto\" width=\"150\" height=\"150\" srcset=\"https:\/\/i0.wp.com\/www.zagaia.blog.br\/wp-content\/uploads\/2015\/04\/300px-Fernando_Collor_deixa_a_presid\u00eancia.jpg?resize=150%2C150 150w, https:\/\/i0.wp.com\/www.zagaia.blog.br\/wp-content\/uploads\/2015\/04\/300px-Fernando_Collor_deixa_a_presid\u00eancia.jpg?zoom=2&amp;resize=150%2C150 300w\" sizes=\"(max-width: 150px) 100vw, 150px\" data-recalc-dims=\"1\" \/><\/a><p id=\"caption-attachment-357\" class=\"wp-caption-text\">Collor sai do Planalto<\/p><\/div>\n<p>Itamar Franco, raposa velha e peluda, percebeu o erro e j\u00e1 montou seu governo com o acolhimento da mais ampla coliga\u00e7\u00e3o parlamentar que conseguiu. O PT ficou de fora, por decis\u00e3o pr\u00f3pria, com exce\u00e7\u00f5es individuais, como a da Luiza Erundina. Estava correto, naquele momento. Se entrasse oficialmente no governo Itamar, j\u00e1 perderia as condi\u00e7\u00f5es de base que levaram \u00e0 vit\u00f3ria do Lula, oito anos depois: o trabalho e o desenvolvimento dos movimentos sociais.<\/p>\n<div id=\"attachment_358\" style=\"width: 160px\" class=\"wp-caption alignleft\"><a onclick=\"javascript:pageTracker._trackPageview('\/downloads\/wp-content\/uploads\/2015\/04\/greve_abc_1980_4_IMGUN1398989713.jpg');\"  href=\"https:\/\/i0.wp.com\/www.zagaia.blog.br\/wp-content\/uploads\/2015\/04\/greve_abc_1980_4_IMGUN1398989713.jpg\"><img aria-describedby=\"caption-attachment-358\" decoding=\"async\" loading=\"lazy\" class=\"size-thumbnail wp-image-358\" src=\"https:\/\/i0.wp.com\/www.zagaia.blog.br\/wp-content\/uploads\/2015\/04\/greve_abc_1980_4_IMGUN1398989713.jpg?resize=150%2C150\" alt=\"A mobiliza\u00e7\u00e3o sindical e social foi a base do crescimento e das vit\u00f3rias do PT.\" width=\"150\" height=\"150\" srcset=\"https:\/\/i0.wp.com\/www.zagaia.blog.br\/wp-content\/uploads\/2015\/04\/greve_abc_1980_4_IMGUN1398989713.jpg?resize=150%2C150 150w, https:\/\/i0.wp.com\/www.zagaia.blog.br\/wp-content\/uploads\/2015\/04\/greve_abc_1980_4_IMGUN1398989713.jpg?zoom=2&amp;resize=150%2C150 300w, https:\/\/i0.wp.com\/www.zagaia.blog.br\/wp-content\/uploads\/2015\/04\/greve_abc_1980_4_IMGUN1398989713.jpg?zoom=3&amp;resize=150%2C150 450w\" sizes=\"(max-width: 150px) 100vw, 150px\" data-recalc-dims=\"1\" \/><\/a><p id=\"caption-attachment-358\" class=\"wp-caption-text\">A mobiliza\u00e7\u00e3o sindical e social foi a base do crescimento e das vit\u00f3rias do PT.<\/p><\/div>\n<p>Entretanto, ganhar a elei\u00e7\u00e3o para a presid\u00eancia n\u00e3o significa ter condi\u00e7\u00f5es de governar. A experi\u00eancia Collor j\u00e1 havia deixado isso muito claro. Era necess\u00e1rio, portanto, construir uma base parlamentar que permitisse o desenvolvimento das metas sociais, ainda que se fizessem concess\u00f5es em v\u00e1rias outras \u00e1reas. Lula j\u00e1 havia come\u00e7ado a constru\u00e7\u00e3o disso com a famosa Carta aos Brasileiros.<\/p>\n<p>Muito bem. Ganhou as elei\u00e7\u00f5es. Da\u00ed em diante se colocavam duas tarefas: manter a mobiliza\u00e7\u00e3o popular para garantir os avan\u00e7os; construir a base parlamentar que evitasse a turbul\u00eancia do mesmo tipo que derrubou Collor.<\/p>\n<p>Em rela\u00e7\u00e3o a esse \u00faltimo ponto \u00e9 que surge \u2013 e permanece at\u00e9 hoje, a import\u00e2ncia do PMDB. Esse partido, herdeiros dos escombros da frente que se reuniu para fazer a \u201ctransi\u00e7\u00e3o pac\u00edfica da ditadura\u201d, possui duas caracter\u00edsticas b\u00e1sicas: uma enorme capilaridade, absorvendo todo tipo de lideran\u00e7as locais e regionais. Desde as mais conservadoras e reacion\u00e1rias, at\u00e9 segmentos dos movimentos populares. O resultado \u00e9, sempre, a elei\u00e7\u00e3o de uma forte bancada parlamentar. O resultado disso \u00e9 a presen\u00e7a, tanto na C\u00e2mara dos Deputados como no Senado Federal, de quadros que conhecem intimamente os modos de funcionamento das duas casas. S\u00e3o raposas imbat\u00edveis, pelo n\u00famero e pela habilidade, no funcionamento cotidiano do parlamento. Raramente agem unidos. Ali\u00e1s, s\u00f3 se unem realmente na defesa de interesses amea\u00e7ados. Mas sempre cultivam dissensos sobre como fazer isso. \u00c9 a for\u00e7a e a debilidade do PMDB.<\/p>\n<div id=\"attachment_359\" style=\"width: 310px\" class=\"wp-caption alignleft\"><a href=\"http:\/\/www.zagaia.blog.br\/wp-content\/uploads\/2015\/04\/lula-direceu.jpe\"><img aria-describedby=\"caption-attachment-359\" decoding=\"async\" loading=\"lazy\" class=\"size-medium wp-image-359\" src=\"http:\/\/www.zagaia.blog.br\/wp-content\/uploads\/2015\/04\/lula-direceu-300x162.jpe\" alt=\"Lula e Dirceu: parceria feita e desfeita.\" width=\"300\" height=\"162\" srcset=\"http:\/\/www.zagaia.blog.br\/wp-content\/uploads\/2015\/04\/lula-direceu-300x162.jpe 300w, http:\/\/www.zagaia.blog.br\/wp-content\/uploads\/2015\/04\/lula-direceu.jpe 305w\" sizes=\"(max-width: 300px) 100vw, 300px\" \/><\/a><p id=\"caption-attachment-359\" class=\"wp-caption-text\">Lula e Dirceu: parceria feita e desfeita.<\/p><\/div>\n<p>Jos\u00e9 Dirceu, que havia coordenado a campanha, imediatamente depois das elei\u00e7\u00f5es abriu negocia\u00e7\u00f5es com o PMDB para que este integrasse a base parlamentar de apoio ao governo do PT, diante da evid\u00eancia de que, embora houvesse elegido sua maior bancada naquela elei\u00e7\u00e3o, sozinho o partido n\u00e3o conseguiria dar sustenta\u00e7\u00e3o ao governo. Chegou a fechar os termos de um acordo. No final, Lula, influenciado inclusive por seu vice, Jos\u00e9 de Alencar, optou por recrutar o apoio de meia d\u00fazia de partidecos para compensar a aus\u00eancia do PMDB e se contrapor ao PSDB\/DEM na oposi\u00e7\u00e3o.<\/p>\n<p>Uma falha de avalia\u00e7\u00e3o fundamental de Lula. Confiar em um not\u00f3rio bandido como o Roberto Jefferson e gente como Janene, Pedro Corr\u00eaa, e quejandos, deu no que deu.<\/p>\n<p>Mas a trag\u00e9dia que se desenhava no PT mal come\u00e7ava.<\/p>\n<p>A ocupa\u00e7\u00e3o de cargos-chave no governo \u2013 era importante, sim. Bobagem negar isso. Mas teve como resultado drenar os melhores quadros dos movimentos sociais e dos sindicatos para atuar no governo. O que resultou no seu enfraquecimento, o que se procurou compensar com os mais tradicionais meios do peleguismo.<\/p>\n<p>Nesse momento e nessas condi\u00e7\u00f5es come\u00e7ava a trag\u00e9dia do PT. O movimento social perde for\u00e7a e as a\u00e7\u00f5es governamentais passam cada vez mais a depender das articula\u00e7\u00f5es dentro do Congresso, at\u00e9 para garantir as linhas mestras das pol\u00edticas sociais de distribui\u00e7\u00e3o de renda, expans\u00e3o da base de consumo interno, etc. Mesmo \u00e0s custas de muitos e importantes an\u00e9is, manteve-se essa base de crescimento do apoio popular.<\/p>\n<p>S\u00f3 que, em vez de apoio org\u00e2nico, embasado na organiza\u00e7\u00e3o e luta pelas conquistas, transformou-se em apoio inorg\u00e2nico, sustentado pelos resultados das pol\u00edticas sociais. Isso foi aprofundando o afastamento e a perda de capacidade de mobiliza\u00e7\u00e3o e a\u00e7\u00e3o dos movimentos sociais e dos sindicatos.<\/p>\n<p>Mesmo assim, essa situa\u00e7\u00e3o permitiu compensar o desgaste do chamado \u201cmensal\u00e3o\u201d, ainda que mostrasse que a direita n\u00e3o estava para brincadeiras. Teve f\u00f4lego para a elei\u00e7\u00e3o de Dilma e at\u00e9 mesmo para sua reelei\u00e7\u00e3o.<\/p>\n<p>Observa\u00e7\u00e3o de interl\u00fadio. A primeira vez que ouvi a ent\u00e3o Chefe da Casa Civil fazer um discurso para uma assembleia de militantes e representantes de segmentos de massa foi na II Confer\u00eancia Nacional de Cultura. Foi um desastre. Chamou os delegados \u00e0 Confer\u00eancia de \u201ccongressistas\u201d, duas e tr\u00eas vezes, at\u00e9 ser interrompida pelo Lula: \u201cDilminha, os congressistas s\u00e3o os deputados e senadores. Os companheiros aqui s\u00e3o delegados\u201d&#8230; E foi por a\u00ed, demonstrando a falta de traquejo pol\u00edtico e de intimidade com a vida concreta da pol\u00edtica, que hoje est\u00e1 mais que evidente.<\/p>\n<p>Meu coment\u00e1rio junto a companheiros e amigos: a candidata \u00e9 uma mala pesada, sem al\u00e7a e sem rodinha. Vai ser uma parada&#8230;<\/p>\n<p>Est\u00e1 sendo.<\/p>\n<p>A situa\u00e7\u00e3o no segundo mandato ainda \u00e9 pior, para al\u00e9m da crise econ\u00f4mica, sobre a qual sempre comento: quem dizia que a crise havia acabado era o Arm\u00ednio Fraga. O Mantega, em debate com ele mediado pela M\u00edriam leit\u00e3o \u2013 em uma de suas poucas demonstra\u00e7\u00f5es recentes de como pode ser boa jornalista \u2013 deixou claro que as pol\u00edticas que serviram para combater as primeiras etapas da crise internacional j\u00e1 estavam superadas e que era necess\u00e1rio usar novos instrumentos e fazer mudan\u00e7as. Quem acha que o ajuste fiscal foi feito contra o ex-Ministro simplesmente n\u00e3o sabe o que diz. J\u00e1 o conte\u00fado concreto e a forma desse ajuste deve ser objeto de outros coment\u00e1rios. (Quem \u00e9 assinante de algumas das operadoras pode buscar o debate no play da GloboNews).<\/p>\n<p>A crise econ\u00f4mica, entretanto, \u00e9 apenas parte do problema.<\/p>\n<div id=\"attachment_360\" style=\"width: 152px\" class=\"wp-caption alignleft\"><a onclick=\"javascript:pageTracker._trackPageview('\/downloads\/wp-content\/uploads\/2015\/04\/dilma_mercadante.jpeg');\"  href=\"https:\/\/i0.wp.com\/www.zagaia.blog.br\/wp-content\/uploads\/2015\/04\/dilma_mercadante.jpeg\"><img aria-describedby=\"caption-attachment-360\" decoding=\"async\" loading=\"lazy\" class=\" wp-image-360\" src=\"https:\/\/i0.wp.com\/www.zagaia.blog.br\/wp-content\/uploads\/2015\/04\/dilma_mercadante.jpeg?resize=142%2C181\" alt=\"Mercadante est\u00e1 por tr\u00e1s das maiores barbeiragens pol\u00edticas do governo Dilma.\" width=\"142\" height=\"181\" srcset=\"https:\/\/i0.wp.com\/www.zagaia.blog.br\/wp-content\/uploads\/2015\/04\/dilma_mercadante.jpeg?resize=236%2C300 236w, https:\/\/i0.wp.com\/www.zagaia.blog.br\/wp-content\/uploads\/2015\/04\/dilma_mercadante.jpeg?w=314 314w\" sizes=\"(max-width: 142px) 100vw, 142px\" data-recalc-dims=\"1\" \/><\/a><p id=\"caption-attachment-360\" class=\"wp-caption-text\">Mercadante est\u00e1 por tr\u00e1s das maiores barbeiragens pol\u00edticas do governo Dilma.<\/p><\/div>\n<p>Marx dizia que a hist\u00f3ria acontece primeiro como trag\u00e9dia, depois como farsa. Pode ser dito que a manobra fracassada de Lula de escantear o PMDB no seu primeiro mandato foi uma trag\u00e9dia. Mas as manobras da equipe encabe\u00e7ada pelo Mercadante de fazer o mesmo no segundo mandato da Dilma t\u00eam, definitivamente, o gosto de farsa. Esse cara n\u00e3o aprende nem com o que est\u00e1 na cara dele.<\/p>\n<p>Pensar que \u00e9 poss\u00edvel passar a perna no PMDB com manobras como a bolada pelo Kassab, de criar mais um partido para sugar \u201cdissidentes\u201d de v\u00e1rios, e apelar para personagens totalmente insignificantes dentro da estrutura do PMDB, como a K\u00e1tia Abreu, revelam o amadorismo, na verdade, a incompet\u00eancia dessa articula\u00e7\u00e3o pol\u00edtica. \u00c0 qual se soma, at\u00e9 agora, \u00e9 bom deixar claro, a inoper\u00e2ncia da Abin para fornecer dados para o governo, a indisciplina da Pol\u00edcia Federal, que vaza tudo o que \u00e9 de interesse da oposi\u00e7\u00e3o, ainda que sob segredo de justi\u00e7a, e a a\u00e7\u00e3o canhestra do j\u00e1 defenestrado Traumann.<\/p>\n<p>A \u00fanica maneira de neutralizar o PMDB e retomar o programa do PT \u00e9 voltar \u00e0s bases. Fortalecer as a\u00e7\u00f5es dos movimentos sociais, revitalizar os sindicatos. Em uma palavra: comer poeira, suar no ch\u00e3o de f\u00e1brica, estar junto dos movimentos populares. Criar condi\u00e7\u00f5es para construir uma bancada parlamentar forte que possa, ent\u00e3o, junto com aliados politicamente mais consistentes, neutralizar o PMDB e os fisiol\u00f3gicos.<\/p>\n<p>Em uma frase: voltar a conquistar o poder sem se deixar ser conquistado por este. Se o Syriza continuar nessa linha, merece ser observado com aten\u00e7\u00e3o. Mas o debate citado, e a pr\u00f3pria experi\u00eancia petista, mostram o quanto isso \u00e9 dif\u00edcil.<\/p>\n","protected":false},"excerpt":{"rendered":"<p>\u201cNecesitamos inflingir derrotas a las pol\u00edticas neoliberales. Para ello, la experiencia griega ense\u00f1a que movimientos y movilizaciones son la condici\u00f3n indispensable, el punto de partida de este proceso, pero no son suficientes en s\u00ed mismos. Hay que tomar el Estado &hellip; <a href=\"http:\/\/www.zagaia.blog.br\/?p=352\">Continue lendo <span class=\"meta-nav\">&rarr;<\/span><\/a><\/p>\n","protected":false},"author":1,"featured_media":0,"comment_status":"open","ping_status":"open","sticky":false,"template":"","format":"standard","meta":{"jetpack_post_was_ever_published":false},"categories":[1],"tags":[177,47,48,178,179,176,174,175],"jetpack_featured_media_url":"","jetpack_shortlink":"https:\/\/wp.me\/p4Lc9A-5G","_links":{"self":[{"href":"http:\/\/www.zagaia.blog.br\/index.php?rest_route=\/wp\/v2\/posts\/352"}],"collection":[{"href":"http:\/\/www.zagaia.blog.br\/index.php?rest_route=\/wp\/v2\/posts"}],"about":[{"href":"http:\/\/www.zagaia.blog.br\/index.php?rest_route=\/wp\/v2\/types\/post"}],"author":[{"embeddable":true,"href":"http:\/\/www.zagaia.blog.br\/index.php?rest_route=\/wp\/v2\/users\/1"}],"replies":[{"embeddable":true,"href":"http:\/\/www.zagaia.blog.br\/index.php?rest_route=%2Fwp%2Fv2%2Fcomments&post=352"}],"version-history":[{"count":1,"href":"http:\/\/www.zagaia.blog.br\/index.php?rest_route=\/wp\/v2\/posts\/352\/revisions"}],"predecessor-version":[{"id":361,"href":"http:\/\/www.zagaia.blog.br\/index.php?rest_route=\/wp\/v2\/posts\/352\/revisions\/361"}],"wp:attachment":[{"href":"http:\/\/www.zagaia.blog.br\/index.php?rest_route=%2Fwp%2Fv2%2Fmedia&parent=352"}],"wp:term":[{"taxonomy":"category","embeddable":true,"href":"http:\/\/www.zagaia.blog.br\/index.php?rest_route=%2Fwp%2Fv2%2Fcategories&post=352"},{"taxonomy":"post_tag","embeddable":true,"href":"http:\/\/www.zagaia.blog.br\/index.php?rest_route=%2Fwp%2Fv2%2Ftags&post=352"}],"curies":[{"name":"wp","href":"https:\/\/api.w.org\/{rel}","templated":true}]}}