{"id":293,"date":"2015-01-16T11:28:58","date_gmt":"2015-01-16T14:28:58","guid":{"rendered":"http:\/\/www.zagaia.blog.br\/?p=293"},"modified":"2015-01-16T11:28:58","modified_gmt":"2015-01-16T14:28:58","slug":"horto-da-memoria-kamelia-e-peteleco","status":"publish","type":"post","link":"http:\/\/www.zagaia.blog.br\/?p=293","title":{"rendered":"Horto da mem\u00f3ria &#8211; Kam\u00e9lia e Peteleco"},"content":{"rendered":"<p>Meu irm\u00e3o, Pedro Lucas Lindoso, gosta de rememorar coisas da inf\u00e2ncia e juventude dele (eu sou mais velho&#8230;)<\/p>\n<p>Publica cr\u00f4nicas no Jornal do Com\u00e9rcio, de manaus.<\/p>\n<p>Na \u00faltima, lembra dois &#8220;personagens&#8221; que, surpreso, constatei que ainda circulam l\u00e1 pela terra dos Bar\u00e9s. Pensava que n\u00e3o existiam mais. Mas continuam, e com seu leve toque de politicamente incorreto.<\/p>\n<p>Eis a cr\u00f4nica.<\/p>\n<p>OS BONECOS S\u00c3O ETERNOS<\/p>\n<p>Quem foi menino em Manaus, na d\u00e9cada de sessenta, com certeza tem nas lembran\u00e7as afetivas, a figura de dois bonecos emblem\u00e1ticos e ic\u00f4nicos da cultura popular da cidade de Manaus: Peteleco e Kam\u00e9lia.<\/p>\n<p>O Peteleco \u00e9 um boneco criado pelo ventr\u00edloquo Oscarino Varj\u00e3o que foi muito amigo de meu saudoso pai, Jos\u00e9 Lindoso. Peteleco \u00e9 um neguinho muito querido, respond\u00e3o, malcriado e dizia tudo que a gente gostaria de dizer e n\u00e3o podia.<\/p>\n<p>Naquele tempo, menino era tratado como menino. Tolice era inibida com palmat\u00f3ria e cachuleta. Para quem n\u00e3o sabe o que \u00e9 cachuleta, trata-se de levar uma forte <strong>pancada com o dedo m\u00e9dio na orelha, para ficar esperto e n\u00e3o fazer mais tolice. \u00a0Ali\u00e1s, cachuleta tamb\u00e9m se chama peteleco, principalmente no sudeste do Brasil.<\/strong><\/p>\n<p>Posso dizer que o Peteleco foi um dos meus melhores amigos de inf\u00e2ncia. Toda vez que ele se apresentava no audit\u00f3rio do SESC na Rua Henrique Martins, onde mor\u00e1vamos, eu n\u00e3o perdia. Considero o Peteleco como um dos meus diletos companheiros da Rua Henrique Martins.<\/p>\n<p>Soube que o Peteleco tamb\u00e9m faz shows para adultos atualmente. Fico feliz em saber que o Peteleco \u00e9 um garoto cinquent\u00e3o como eu.<\/p>\n<div id=\"attachment_294\" style=\"width: 293px\" class=\"wp-caption alignleft\"><a onclick=\"javascript:pageTracker._trackPageview('\/downloads\/wp-content\/uploads\/2015\/01\/peteleco6.jpg');\"  href=\"https:\/\/i0.wp.com\/www.zagaia.blog.br\/wp-content\/uploads\/2015\/01\/peteleco6.jpg\"><img aria-describedby=\"caption-attachment-294\" decoding=\"async\" loading=\"lazy\" class=\"size-full wp-image-294\" src=\"https:\/\/i0.wp.com\/www.zagaia.blog.br\/wp-content\/uploads\/2015\/01\/peteleco6.jpg?resize=283%2C241\" alt=\"Propaganda do ventr\u00edloquo e seu boneco.\" width=\"283\" height=\"241\" data-recalc-dims=\"1\" \/><\/a><p id=\"caption-attachment-294\" class=\"wp-caption-text\">Propaganda do ventr\u00edloquo e seu boneco.<\/p><\/div>\n<p>H\u00e1 poucos meses, era domingo e eu fui assistir o Peteleco, na Casa de M\u00fasica Ivete Ibiapina, na Rua 10 de Julho. Ap\u00f3s o show, conversei com Oscarino e ele lembrou-se de meu pai com carinho e defer\u00eancia.<br \/>\nDisse a ele que conhecia o Peteleco desde menino e ele ficou feliz. Ah! E ainda tive o privil\u00e9gio de \u201cconversar\u201d com o pr\u00f3prio Peteleco. Foi uma alegria para mim.<\/p>\n<p>O outro boneco, digo boneca, \u00e9 a Kam\u00e9lia. Ela sempre chega para a abertura do carnaval de Manaus.<\/p>\n<p>Durante certo tempo eu tinha medo da Kam\u00e9lia. Um verdadeiro pavor.\u00a0 Explico: a boneca foi inspirada na marchinha Jardineira, na qual a Kam\u00e9lia \u201ccaiu do galho, deu dois suspiros e depois morreu\u201d. Na minha cabe\u00e7a de menino medroso, a Kam\u00e9lia seria uma \u201cvisagem\u201d, uma assombra\u00e7\u00e3o.<\/p>\n<p>&nbsp;<\/p>\n<div id=\"attachment_295\" style=\"width: 351px\" class=\"wp-caption alignleft\"><a onclick=\"javascript:pageTracker._trackPageview('\/downloads\/wp-content\/uploads\/2015\/01\/kam\u00e9lia.jpg');\"  href=\"https:\/\/i0.wp.com\/www.zagaia.blog.br\/wp-content\/uploads\/2015\/01\/kam\u00e9lia.jpg\"><img aria-describedby=\"caption-attachment-295\" decoding=\"async\" loading=\"lazy\" class=\"size-full wp-image-295\" src=\"https:\/\/i0.wp.com\/www.zagaia.blog.br\/wp-content\/uploads\/2015\/01\/kam\u00e9lia.jpg?resize=341%2C464\" alt=\"A Kam\u00e9lia \u00e9 recebida com honras no come\u00e7o do ano, abrindo os &quot;folguedos de Momo&quot;, como diziam os vetustos peri\u00f3dicos.\" width=\"341\" height=\"464\" srcset=\"https:\/\/i0.wp.com\/www.zagaia.blog.br\/wp-content\/uploads\/2015\/01\/kam\u00e9lia.jpg?w=341 341w, https:\/\/i0.wp.com\/www.zagaia.blog.br\/wp-content\/uploads\/2015\/01\/kam\u00e9lia.jpg?resize=220%2C300 220w\" sizes=\"(max-width: 341px) 100vw, 341px\" data-recalc-dims=\"1\" \/><\/a><p id=\"caption-attachment-295\" class=\"wp-caption-text\">A Kam\u00e9lia \u00e9 recebida com honras no come\u00e7o do ano, abrindo os &#8220;folguedos de Momo&#8221;, como diziam os vetustos peri\u00f3dicos.<\/p><\/div>\n<p>Como todo curumim, eu adorava ver avi\u00e3o. Ir ao Aeroporto Ponta Pelada era um passeio irrecus\u00e1vel. Mas quando soube que naquele dia ir\u00edamos ao aeroporto para a chegada da Kam\u00e9lia, o medo tomou conta de mim.<br \/>\nO fato \u00e9 que a Kam\u00e9lia chegava de avi\u00e3o, vindo provavelmente da Bahia, e a popula\u00e7\u00e3o ia \u201cbusc\u00e1-la\u201d no antigo Aeroporto de Ponta Pelada. Era um acontecimento. Mas e o medo de alma penada?<br \/>\nFoi ent\u00e3o que me enchi de coragem e perguntei a Darinha, que morava l\u00e1 em casa desde sempre: Darinha, os bonecos morrem? E ent\u00e3o ela me disse:<br \/>\n&#8211; N\u00e3o meu filho, bonecos n\u00e3o morrem. Os bichos, as pessoas, as plantas morrem, mas os bonecos n\u00e3o morrem nunca.<br \/>\nSempre acreditei na Darinha. E l\u00e1 fui eu, feliz da vida, ao aeroporto de Ponta Pelada receber a Kam\u00e9lia, vindo diretamente de Salvador para Manaus, vestida de baiana, para alegrar os manauaras.<br \/>\nE todo ano ela chega. Agora, procedente do Rio de Janeiro. E o Peteleco continua por a\u00ed.<br \/>\nE n\u00e3o \u00e9 que \u00e9 verdade? Darinha tinha raz\u00e3o. Os bonecos n\u00e3o morrem nunca. S\u00e3o eternos.<\/p>\n<p><a onclick=\"javascript:pageTracker._trackPageview('\/downloads\/wp-content\/uploads\/2014\/12\/an\u00fancio-fantasma-Digital.jpg');\"  href=\"https:\/\/i0.wp.com\/www.zagaia.blog.br\/wp-content\/uploads\/2014\/12\/an\u00fancio-fantasma-Digital.jpg\"><img decoding=\"async\" loading=\"lazy\" class=\"alignnone size-full wp-image-272\" src=\"https:\/\/i0.wp.com\/www.zagaia.blog.br\/wp-content\/uploads\/2014\/12\/an\u00fancio-fantasma-Digital.jpg?resize=597%2C174\" alt=\"an\u00fancio fantasma Digital\" width=\"597\" height=\"174\" srcset=\"https:\/\/i0.wp.com\/www.zagaia.blog.br\/wp-content\/uploads\/2014\/12\/an\u00fancio-fantasma-Digital.jpg?w=597 597w, https:\/\/i0.wp.com\/www.zagaia.blog.br\/wp-content\/uploads\/2014\/12\/an\u00fancio-fantasma-Digital.jpg?resize=300%2C87 300w\" sizes=\"(max-width: 597px) 100vw, 597px\" data-recalc-dims=\"1\" \/><\/a><\/p>\n","protected":false},"excerpt":{"rendered":"<p>Meu irm\u00e3o, Pedro Lucas Lindoso, gosta de rememorar coisas da inf\u00e2ncia e juventude dele (eu sou mais velho&#8230;) Publica cr\u00f4nicas no Jornal do Com\u00e9rcio, de manaus. Na \u00faltima, lembra dois &#8220;personagens&#8221; que, surpreso, constatei que ainda circulam l\u00e1 pela terra &hellip; <a href=\"http:\/\/www.zagaia.blog.br\/?p=293\">Continue lendo <span class=\"meta-nav\">&rarr;<\/span><\/a><\/p>\n","protected":false},"author":1,"featured_media":0,"comment_status":"open","ping_status":"open","sticky":false,"template":"","format":"standard","meta":{"jetpack_post_was_ever_published":false},"categories":[132],"tags":[152,97,150,151],"jetpack_featured_media_url":"","jetpack_shortlink":"https:\/\/wp.me\/p4Lc9A-4J","_links":{"self":[{"href":"http:\/\/www.zagaia.blog.br\/index.php?rest_route=\/wp\/v2\/posts\/293"}],"collection":[{"href":"http:\/\/www.zagaia.blog.br\/index.php?rest_route=\/wp\/v2\/posts"}],"about":[{"href":"http:\/\/www.zagaia.blog.br\/index.php?rest_route=\/wp\/v2\/types\/post"}],"author":[{"embeddable":true,"href":"http:\/\/www.zagaia.blog.br\/index.php?rest_route=\/wp\/v2\/users\/1"}],"replies":[{"embeddable":true,"href":"http:\/\/www.zagaia.blog.br\/index.php?rest_route=%2Fwp%2Fv2%2Fcomments&post=293"}],"version-history":[{"count":1,"href":"http:\/\/www.zagaia.blog.br\/index.php?rest_route=\/wp\/v2\/posts\/293\/revisions"}],"predecessor-version":[{"id":296,"href":"http:\/\/www.zagaia.blog.br\/index.php?rest_route=\/wp\/v2\/posts\/293\/revisions\/296"}],"wp:attachment":[{"href":"http:\/\/www.zagaia.blog.br\/index.php?rest_route=%2Fwp%2Fv2%2Fmedia&parent=293"}],"wp:term":[{"taxonomy":"category","embeddable":true,"href":"http:\/\/www.zagaia.blog.br\/index.php?rest_route=%2Fwp%2Fv2%2Fcategories&post=293"},{"taxonomy":"post_tag","embeddable":true,"href":"http:\/\/www.zagaia.blog.br\/index.php?rest_route=%2Fwp%2Fv2%2Ftags&post=293"}],"curies":[{"name":"wp","href":"https:\/\/api.w.org\/{rel}","templated":true}]}}