{"id":247,"date":"2014-12-03T14:23:20","date_gmt":"2014-12-03T17:23:20","guid":{"rendered":"http:\/\/www.zagaia.blog.br\/?p=247"},"modified":"2014-12-03T14:23:20","modified_gmt":"2014-12-03T17:23:20","slug":"aconteceu-em-coari-cronica-de-pedro-lucas-lindoso","status":"publish","type":"post","link":"http:\/\/www.zagaia.blog.br\/?p=247","title":{"rendered":"ACONTECEU EM COARI &#8211; Cr\u00f4nica de Pedro Lucas Lindoso"},"content":{"rendered":"<p>L\u00ed nos jornais que a Prefeitura vai revitalizar a Manaus Moderna. Lembrei-me de uma viagem que fiz a Coari, de barco \u201c\u00e0 jato\u201d, para comparecer a uma audi\u00eancia na Justi\u00e7a do Trabalho. A sa\u00edda do barco se d\u00e1 na Manaus Moderna.<\/p>\n<p>A regi\u00e3o do nosso Mercad\u00e3o tem uma luz especial no in\u00edcio das manh\u00e3s. Ainda era madrugada quando fui para l\u00e1, esperar o \u201c\u00e0 jato\u201d que me levaria a Coari.\u00a0 Seriam de oito a nove horas de viagem subindo o Solim\u00f5es. \u201c\u00c0 jato\u201d, porque se fosse no \u201crecreio\u201d levaria dois dias de viagem.<\/p>\n<p>Os rios da Amaz\u00f4nia s\u00e3o caudalosos e misteriosos. Enquanto esperava pelo embarque me inebriava com a brisa que vem do rio Negro. Uma aragem suave e que se mistura com os cheiros de peixe fresco e as iguarias que se vende no mercado.<\/p>\n<p>Vejo os peixeiros e carregadores. Quando menino, lembro-me que usavam uma esp\u00e9cie de turbante, feito de saco de farinha, enrolado e cuidadosamente posto na cabe\u00e7a. O arranjo serve para melhor aguentar o peso dos tabuleiros de peixe, das pencas de bananas e de sacos de estiva em geral. Hoje notei que usam casacos com capuzes. \u00c9 a modernidade.<\/p>\n<p>Olho novamente para o rio e me alegro. Era domingo e eu estava preparado para viajar o dia todo subindo o Solim\u00f5es at\u00e9 Coari.<\/p>\n<p>Eu gosto de viajar pelos nossos rios. A paisagem amaz\u00f4nica, considerada mon\u00f3tona por uns, e perigosa por muitos, me fascina.<\/p>\n<p>J\u00e1 visitei v\u00e1rios lugares no Mundo. A baia da Guanabara, o mediterr\u00e2neo na perspectiva de N\u00e1poles na It\u00e1lia, a baia de San Francisco na Calif\u00f3rnia.\u00a0 Mas nada supera a fascina\u00e7\u00e3o que sinto pela paisagem misteriosa da Amaz\u00f4nia.<\/p>\n<p>E por fim segui viagem. Eram sete horas da manh\u00e3. \u00a0Foi repousante ver e ouvir os passarinhos, quando o barco se aproximava das margens. O rio \u00e9 tudo para o homem ribeirinho. Fonte de vida, alimento, sustento, meio de transporte.<\/p>\n<p>Passamos por Manacapuru, Anam\u00e3 e por Codaj\u00e1s. O vento de l\u00e1 \u00e9 poderoso. E os passarinhos continuam a me encantar e a me distrair durante todo o trajeto.<\/p>\n<p>Por volta das cinco horas da tarde o \u201c\u00e0 jato\u201d chega a Coari. Lembro-me que hoje a <em>Cidade do G\u00e1s<\/em> j\u00e1 foi a <em>Terra da Banana<\/em>. \u00c9poca em que a cidade n\u00e3o era t\u00e3o supostamente rica e talvez mais feliz.<\/p>\n<p>Quando a visito lembro-me sempre de meu amigo Francisco Vasconcelos, o mais ilustres dos coarienses que conhe\u00e7o. Membro efetivo, em\u00e9rito, verdadeiro, pioneiro, indiscut\u00edvel do Clube da Madrugada. Autor do cl\u00e1ssico livro de contos \u201co Palha\u00e7o e a Rosa\u201d, relan\u00e7ou esse ano o \u201cRegime das \u00c1guas\u201d. \u00c9 um dos imortais da Academia Amazonense de Letras. \u00c9 de Coari.<\/p>\n<p>Hospedei-me como sempre no Hotel Alex, do Jorge, outro ilustre coariense. No dia seguinte, segunda- feira, ponho o palet\u00f3 e vou a p\u00e9 para o F\u00f3rum Trabalhista.<\/p>\n<p>Em frente ao Mercado, um senhor, ao me ver naquela inusitada fatiota, se p\u00f5e a minha frente e me d\u00e1 contin\u00eancia. N\u00e3o sou autoridade. Nunca fui militar. Nem sequer servi o Exercito. Nunca havia recebido contin\u00eancia. Quem ser\u00e1 que aquele senhor pensou que eu era? Para n\u00e3o ser indelicado, respondi a contin\u00eancia, apesar de consider\u00e1-la totalmente indevida.<\/p>\n","protected":false},"excerpt":{"rendered":"<p>L\u00ed nos jornais que a Prefeitura vai revitalizar a Manaus Moderna. Lembrei-me de uma viagem que fiz a Coari, de barco \u201c\u00e0 jato\u201d, para comparecer a uma audi\u00eancia na Justi\u00e7a do Trabalho. A sa\u00edda do barco se d\u00e1 na Manaus &hellip; <a href=\"http:\/\/www.zagaia.blog.br\/?p=247\">Continue lendo <span class=\"meta-nav\">&rarr;<\/span><\/a><\/p>\n","protected":false},"author":1,"featured_media":0,"comment_status":"open","ping_status":"open","sticky":false,"template":"","format":"standard","meta":{"jetpack_post_was_ever_published":false},"categories":[1],"tags":[22],"jetpack_featured_media_url":"","jetpack_shortlink":"https:\/\/wp.me\/p4Lc9A-3Z","_links":{"self":[{"href":"http:\/\/www.zagaia.blog.br\/index.php?rest_route=\/wp\/v2\/posts\/247"}],"collection":[{"href":"http:\/\/www.zagaia.blog.br\/index.php?rest_route=\/wp\/v2\/posts"}],"about":[{"href":"http:\/\/www.zagaia.blog.br\/index.php?rest_route=\/wp\/v2\/types\/post"}],"author":[{"embeddable":true,"href":"http:\/\/www.zagaia.blog.br\/index.php?rest_route=\/wp\/v2\/users\/1"}],"replies":[{"embeddable":true,"href":"http:\/\/www.zagaia.blog.br\/index.php?rest_route=%2Fwp%2Fv2%2Fcomments&post=247"}],"version-history":[{"count":1,"href":"http:\/\/www.zagaia.blog.br\/index.php?rest_route=\/wp\/v2\/posts\/247\/revisions"}],"predecessor-version":[{"id":248,"href":"http:\/\/www.zagaia.blog.br\/index.php?rest_route=\/wp\/v2\/posts\/247\/revisions\/248"}],"wp:attachment":[{"href":"http:\/\/www.zagaia.blog.br\/index.php?rest_route=%2Fwp%2Fv2%2Fmedia&parent=247"}],"wp:term":[{"taxonomy":"category","embeddable":true,"href":"http:\/\/www.zagaia.blog.br\/index.php?rest_route=%2Fwp%2Fv2%2Fcategories&post=247"},{"taxonomy":"post_tag","embeddable":true,"href":"http:\/\/www.zagaia.blog.br\/index.php?rest_route=%2Fwp%2Fv2%2Ftags&post=247"}],"curies":[{"name":"wp","href":"https:\/\/api.w.org\/{rel}","templated":true}]}}