{"id":206,"date":"2014-10-18T19:02:23","date_gmt":"2014-10-18T22:02:23","guid":{"rendered":"http:\/\/www.zagaia.blog.br\/?p=206"},"modified":"2014-10-18T19:02:23","modified_gmt":"2014-10-18T22:02:23","slug":"surdez-voto-nulo-e-brigas-por-conta-da-eleicao","status":"publish","type":"post","link":"http:\/\/www.zagaia.blog.br\/?p=206","title":{"rendered":"Surdez, voto nulo e brigas por conta da elei\u00e7\u00e3o"},"content":{"rendered":"<p style=\"text-align: justify;\">Mais um post do Bessa no <a onclick=\"javascript:pageTracker._trackPageview('\/outgoing\/www.taquiprati.com.br\/cronica.php?ident=1110');\"  href=\"http:\/\/www.taquiprati.com.br\/cronica.php?ident=1110\" target=\"_blank\">Taquiprati<\/a>, com alguns t\u00f3picos muito interessantes.<\/p>\n<p style=\"text-align: justify;\">Come\u00e7ando por narrar uma anedota de campanhas passadas (1958, no Amazonas), quando um irm\u00e3o matou outro por torcerem por candidatos diferentes (os dois b\u00eabados, \u00e9 claro), o Bessa aborda v\u00e1rios temas importantes.<\/p>\n<p style=\"text-align: justify;\">Primeiro, o \u00f3dio que anda grassando as ditas redes sociais, com ofensas de um lado e do outro. Eu, j\u00e1 disse, n\u00e3o brigo com meu amigos por conta de pol\u00edtica. Quem me ofende por conta da elei\u00e7\u00e3o, pro princ\u00edpio declara que n\u00e3o \u00e9 meu amigo, ent\u00e3o, que se&#8230;. Goza\u00e7\u00e3o vale, \u00eanfase na defesa dos candidatos vale. Mas a primazia \u00e9 o fato de vivermos um momento importante na vida do pa\u00eds, a oportunidade de, atrav\u00e9s do voto. definirmos rumos e alternativas.<\/p>\n<p style=\"text-align: justify;\">Mas o Bessa chama aten\u00e7\u00e3o para outro fato: nenhum dos candidatos se lembra de que os surdos s\u00e3o eleitores e ningu\u00e9m traduz os programas e debates pelo LIBRAS &#8211; a l\u00edngua brasileira de sinais. Felizmente os cegos n\u00e3o sofrem com esse problema em particular. E os cegos e deficientes visuais batalham duro por seus direitos. Outro dia, no blog que dedico especificamente \u00e0s quest\u00f5es do livro e da leitura, publiquei um posto sobre o assunto. Quem quiser, pode ver <a onclick=\"javascript:pageTracker._trackPageview('\/outgoing\/oxisdoproblema.com.br\/?p=2418');\"  href=\"http:\/\/oxisdoproblema.com.br\/?p=2418\" target=\"_blank\">aqui<\/a>.<\/p>\n<p style=\"text-align: justify;\">Sem mais delongas, o belo post do Jos\u00e9 Bessa, cujo link est\u00e1 acima, mas que fa\u00e7o sempre quest\u00e3o de reproduzir.<\/p>\n<p><a onclick=\"javascript:pageTracker._trackPageview('\/downloads\/wp-content\/uploads\/2014\/06\/Taquiprati.jpg');\"  href=\"https:\/\/i0.wp.com\/www.zagaia.blog.br\/wp-content\/uploads\/2014\/06\/Taquiprati.jpg\"><img decoding=\"async\" loading=\"lazy\" class=\"alignnone size-full wp-image-26\" src=\"https:\/\/i0.wp.com\/www.zagaia.blog.br\/wp-content\/uploads\/2014\/06\/Taquiprati.jpg?resize=640%2C113\" alt=\"Taquiprati\" width=\"640\" height=\"113\" srcset=\"https:\/\/i0.wp.com\/www.zagaia.blog.br\/wp-content\/uploads\/2014\/06\/Taquiprati.jpg?w=779 779w, https:\/\/i0.wp.com\/www.zagaia.blog.br\/wp-content\/uploads\/2014\/06\/Taquiprati.jpg?resize=300%2C53 300w, https:\/\/i0.wp.com\/www.zagaia.blog.br\/wp-content\/uploads\/2014\/06\/Taquiprati.jpg?resize=500%2C88 500w\" sizes=\"(max-width: 640px) 100vw, 640px\" data-recalc-dims=\"1\" \/><\/a><\/p>\n<p style=\"text-align: justify;\"><em><strong>MEU SOBRINHO QUER VOTAR NULO<\/strong><\/em><br \/>\n<em> Jos\u00e9 Ribamar Bessa Freire<\/em><br \/>\n<em> 19\/10\/2014 &#8211; Di\u00e1rio do Amazonas<\/em><\/p>\n<p style=\"text-align: justify;\"><em>E mesmo que toda a gente \/ fique rindo, duvidando \/destas est\u00f3rias que narro, \/ <\/em><\/p>\n<p style=\"text-align: justify;\"><em>n\u00e3o me importo: vou contente \/ toscamente improvisando \/ na minha frauta de barro.<\/em><\/p>\n<p style=\"text-align: justify;\"><em>Luiz Bacellar (1928-2012), poeta do Bairro de Aparecida<\/em><\/p>\n<p style=\"text-align: justify;\"><em>Caim e Abel na Barel\u00e2ndia. Com oito facadas, uma delas no cora\u00e7\u00e3o, Chico Cururu matou o pr\u00f3prio irm\u00e3o conhecido como Mala Velha. O motivo alegado: o voto diferente. Foi em Manaus. Mas podia ser em qualquer outra cidade, porque o Brasil est\u00e1 rachado ao meio, com fam\u00edlias estilha\u00e7adas e amizades desfeitas. As pesquisas indicam empate entre os candidatos a presidente. Eleitor de Dilma briga com o de A\u00e9cio, ambos esquartejam os indecisos e xingam os decididos a anular. Algumas vezes, chegam \u00e0s vias de fato, como j\u00e1 ocorreu em elei\u00e7\u00f5es passadas.<\/em><\/p>\n<div style=\"width: 425px\" class=\"wp-caption alignnone\"><img decoding=\"async\" loading=\"lazy\" src=\"https:\/\/i0.wp.com\/www.taquiprati.com.br\/images\/Cidade%20Flutuante%20(2).JPG?resize=415%2C285\" alt=\"\" width=\"415\" height=\"285\" data-recalc-dims=\"1\" \/><p class=\"wp-caption-text\">Cidade Flutuante, favel\u00e3o sobre troncos de \u00e1rvores e palafitas, em uma cidade que sempre deu costas para o rio. Foi &#8220;removida&#8221; por Arthur Reis, o primeiro governador nomeado pela ditadura, e seus moradores jogados para os confins da cidade. Participei de um document\u00e1rio em Super-Oito sobre isso.<\/p><\/div>\n<p style=\"text-align: justify;\"><em> A data, n\u00e3o esque\u00e7o. Era anivers\u00e1rio de minha irm\u00e3: 1\u00b0 de outubro de 1962. Cururu, peixeiro ambulante, percorria as ruas da cidade com um tabuleiro vendendo seu peixe. Mala Velha, o ca\u00e7ula, trabalhava na Serraria Hore, Bairro de Aparecida. \u00a0 Os dois nem se falavam. Naquela noite, o acaso os reuniu no lupanar Curral das \u00c9guas, tamb\u00e9m conhecido poeticamente como Flor de Abacate, situado na ponte Aroeira, na Cidade Flutuante &#8211; uma favela aqu\u00e1tica sobre troncos com pardieiros cobertos de palha ou zinco. Cada um no seu canto. Beberam, dan\u00e7aram at\u00e9 que Mala Velha, completamente chirrado, cantou o jingle do candidato do PTB:<\/em><\/p>\n<p style=\"text-align: justify;\"><em> &#8211; Salve Pl\u00ednio, grande l\u00edder trabalhista! \/ O teu nome por si s\u00f3 \u00e9 uma bandeira! \/ Consagrado j\u00e1 \u00e9s como estadista, \/ no conceito da gente brasileeeeeira!<\/em><\/p>\n<p style=\"text-align: justify;\"><em> O que mais irritou Chico Cururu, cabo eleitoral de Paulo Neri (UDN &#8211; vixe, vixe), foi a ades\u00e3o das meninas em trajes menores cantando ali, num coral improvisado. Em depoimento \u00e0 Pol\u00edcia, ele declarou ter sido humilhante ouvir Lizete, sua preferida, regida pelo irm\u00e3o, entoar com voz de mezzo-soprano o final do jingle divulgado pelas r\u00e1dios Bar\u00e9 e Rio-Mar, repleto de exclama\u00e7\u00f5es:<\/em><\/p>\n<p style=\"text-align: justify;\"><em> &#8211; Nosso povo jubiloso te sa\u00fada! \/ Com firmeza, energia e valor! \/ Porque \u00e9 Pl\u00ednio, Pl\u00ednio mesmo e n\u00e3o muda! \/ Novamente tu ser\u00e1s governadooooor!<\/em><\/p>\n<p style=\"text-align: justify;\"><em> Dois Irm\u00e3os<\/em><\/p>\n<p style=\"text-align: justify;\"><em> Uma afronta. Bastante mamado e cheio da troaca, Cururu puxou a faca de escamar peixe, amoladinha, partiu pra cima e pinicou o corpo do irm\u00e3o: pesco\u00e7o, ba\u00e7o, cora\u00e7\u00e3o. Dessa forma, acabou uma briga iniciada oito anos antes, em 1954, quando Mala Velha, petebista doente, debochara do candidato a governador Severiano Nunes (UDN), interpretando a sigla SNM &#8211; Servi\u00e7o Nacional da Mal\u00e1ria afixada nas casas fumigadas com inseticida como sendo Severiano Nunca Mais. Foi a\u00ed que tudo come\u00e7ou.<\/em><\/p>\n<p style=\"text-align: justify;\"><em> A elei\u00e7\u00e3o de 1954 quem ganhou foi Pl\u00ednio Coelho &#8211; Pata Choca para os advers\u00e1rios, Ganso do Capit\u00f3lio para os correligion\u00e1rios &#8211; que criou a empresa estatal de \u00f4nibus Transportamazon e arrumou para Mala Velha um emprego de motorista, de onde seria demitido por Gilberto Mestrinho no governo seguinte. Em 1962, Pl\u00ednio <img decoding=\"async\" loading=\"lazy\" class=\"\" src=\"https:\/\/i0.wp.com\/www.taquiprati.com.br\/images\/Plinio.JPG?resize=222%2C154\" alt=\"\" width=\"222\" height=\"154\" data-recalc-dims=\"1\" \/>\u00a0 se candidata outra vez contra a mesma UDN do Paulo Pinto Nery, acendendo as esperan\u00e7as do velho cabo eleitoral e acirrando a divis\u00e3o entre os irm\u00e3os.<\/em><\/p>\n<p style=\"text-align: justify;\"><em> Reza a lenda que a \u00faltima palavra da v\u00edtima, estrebuchando numa po\u00e7a de sangue, foi sussurrar a letra do jingle:<\/em><\/p>\n<p style=\"text-align: justify;\"><em> &#8211; &#8230; porque \u00e9 Prinho, Prinho mesmo e n\u00e3o muda&#8230;<\/em><\/p>\n<p style=\"text-align: justify;\"><em> Ele n\u00e3o falava Pl\u00ednio. Cururu, olhando o irm\u00e3o que agonizava, teria declarado cheio de \u00f3dio, segundo testemunhas oculares e auriculares:<\/em><\/p>\n<p style=\"text-align: justify;\"><em> &#8211; T\u00f3ma-te! Teu voto o Prinho n\u00e3o vai ter!<\/em><\/p>\n<p style=\"text-align: justify;\"><em> N\u00e3o teve. Mala Velha morreu ali mesmo, dois dias antes da elei\u00e7\u00e3o.<\/em><\/p>\n<p style=\"text-align: justify;\"><em> Os jornais da \u00e9poca tentaram despolitizar a quest\u00e3o, alegando agravantes para o crime, j\u00e1 que os irm\u00e3os estariam embei\u00e7ados pela Leonor, um piteuzinho, que vendia verduras no Beco da Bosta. Invencionices. A hist\u00f3ria foi como contei, est\u00e1 a\u00ed o advogado Felix Valois, na \u00e9poca membro da Cruzadinha Infantil, que n\u00e3o me deixa mentir. Ou deixa?<\/em><br \/>\n<em> Eis o que eu queria dizer: meio s\u00e9culo depois, o Brasil continua infestado por cururus e malas velhas, que agem nas redes sociais e se esfaqueiam virtualmente. Patrulham o voto dos outros, como se fossem donos da verdade. N\u00e3o argumentam: ofendem. N\u00e3o escutam: xingam. Seguem o exemplo dos candidatos. Outro dia fui chamado de idiota no face por algu\u00e9m que n\u00e3o conhe\u00e7o, s\u00f3 porque destaquei que Marina Silva defendia os \u00edndios e a floresta.<\/em><\/p>\n<p style=\"text-align: justify;\"><em> As patrulhas<\/em><\/p>\n<p style=\"text-align: justify;\"><em> Minha fam\u00edlia n\u00e3o \u00e9 diferente das demais, mas felizmente contivemos o \u00edmpeto eleitoral dos cururus e malas velhas. A gente se ama, briga, fofoca e todo mundo se mete na vida de todo mundo. Funciona como uma tribo. As irm\u00e3s votam em Dilma, primos e alguns sobrinhos em \u00c1ecio, com tiroteios nas reuni\u00f5es familiares que borbulham e fervilham. No primeiro turno, Marina teve apenas meu voto solit\u00e1rio. Minto. Uma prima que conhece a vida no seringal e os \u00edndios Katukina tamb\u00e9m votou nela. Houve por\u00e9m um sil\u00eancio generalizado, n\u00e3o sei se respeitoso ou reprovador.<\/em><\/p>\n<p style=\"text-align: justify;\"><em> &#8220;Inimigos em comum&#8221; &#8211; esse foi o t\u00edtulo de mat\u00e9ria da Folha de SP (17\/10) assinada por L\u00edgia Mesquita, abordando a a\u00e7\u00e3o dos &#8220;guerrilheiros do facebook&#8221;, o patrulhamento pol\u00edtico, os casos de brigas entre amigos e parentes, o tom agressivo, as mentiras e o rompimento e bloqueio de amizades.<\/em><\/p>\n<p style=\"text-align: justify;\"><em> Tudo isso angustiou um sobrinho querido, que \u00e9 surdo. A propaganda pol\u00edtica n\u00e3o foi traduzida para a L\u00edngua Brasileira de Sinais (LIBRAS), embora em 2005 tenha sido reconhecida oficialmente no Brasil, onde segundo a Organiza\u00e7\u00e3o Mundial de Sa\u00fade existem 13 milh\u00f5es de pessoas com algum tipo de defici\u00eancia auditiva, das quais mais de 2.5 milh\u00f5es s\u00e3o completamente surdos.<\/em><\/p>\n<p style=\"text-align: justify;\"><em><a onclick=\"javascript:pageTracker._trackPageview('\/downloads\/wp-content\/uploads\/2014\/10\/Capturar1.jpg');\"  href=\"https:\/\/i0.wp.com\/www.zagaia.blog.br\/wp-content\/uploads\/2014\/10\/Capturar1.jpg\"><img decoding=\"async\" loading=\"lazy\" class=\"alignleft size-medium wp-image-207\" src=\"https:\/\/i0.wp.com\/www.zagaia.blog.br\/wp-content\/uploads\/2014\/10\/Capturar1.jpg?resize=300%2C142\" alt=\"Capturar\" width=\"300\" height=\"142\" srcset=\"https:\/\/i0.wp.com\/www.zagaia.blog.br\/wp-content\/uploads\/2014\/10\/Capturar1.jpg?resize=300%2C142 300w, https:\/\/i0.wp.com\/www.zagaia.blog.br\/wp-content\/uploads\/2014\/10\/Capturar1.jpg?w=464 464w\" sizes=\"(max-width: 300px) 100vw, 300px\" data-recalc-dims=\"1\" \/><\/a><\/em><\/p>\n<p style=\"text-align: justify;\">\n<p style=\"text-align: justify;\"><em> Os candidatos se lixaram para os surdos, mas meu sobrinho ouviu melhor do que todos n\u00f3s os dois \u00faltimos debates entre Dilma e A\u00e9cio, talvez porque tenha sido um debate de surdos. Desencantado com a baixaria, ele nos consultou sobre o voto nulo. Mereceu o respeito das tias, petistas doentes, e das primas, aecistas convictas. Conseguiu enfrentar o patrulhamento nas redes sociais, onde se quer ganhar no grito, com &#8220;informa\u00e7\u00f5es&#8221; que n\u00e3o s\u00e3o checadas e &#8220;argumentos&#8221; prim\u00e1rios que crucificam quem pensa diferente, escrotizando as rela\u00e7\u00f5es de afeto.<\/em><\/p>\n<p style=\"text-align: justify;\"><em> Conversamos via face, o sobrinho em Manaus, eu no Rio. Respeito o voto nulo dele, mas j\u00e1 declarei o meu. N\u00e3o voto em A\u00e9cio com entusiasmo. Agora \u00e9 Dilma, 13, sem entusiasmo. Ora, direis, o TSE n\u00e3o computa voto pela metade. Com ou sem entusiasmo, o valor \u00e9 o mesmo. N\u00e3o \u00e9 o que pensa a patrulha que quer, al\u00e9m do voto, a alma da gente. Os patrulheiros s\u00e3o prim\u00e1rios. Cada vez que vejo a propaganda do A\u00e9cio, refor\u00e7o meu voto em Dilma. Quando ou\u00e7o certos cabos eleitorais da Dilma, me d\u00e1 vontade de anular o voto. Funciona de revestr\u00e9s.<\/em><\/p>\n<p style=\"text-align: justify;\"><em> O PT precisa dos votos dos eleitores, sem os quais n\u00e3o ganha a elei\u00e7\u00e3o, mas precisa da cr\u00edtica dura, da press\u00e3o constante, da cobran\u00e7a insistente sem a qual n\u00e3o governa. Quem abdica da cr\u00edtica, est\u00e1 dizendo que concorda com as alian\u00e7as e entrega Dilma de bandeja como ref\u00e9m da tal &#8220;base aliada&#8221;. Ai, sinceramente, n\u00e3o existe diferen\u00e7a entre as duas formas de governar.<\/em><\/p>\n<p style=\"text-align: justify;\"><em> Dilma, presidente da Rep\u00fablica, tem a caneta na m\u00e3o. Teria minha alma se reconhecesse todas as terras ind\u00edgenas, cujas demarca\u00e7\u00f5es est\u00e3o engavetadas. Mas isso ela n\u00e3o faz. Nem sequer acena. \u00cdndios e surdos est\u00e3o fora do horizonte dos dois candidatos. De qualquer forma, nenhum dos dois merece que se mate ou se morra por eles. Chega de Cururu e Mala Velha!<\/em><\/p>\n<p style=\"text-align: justify;\"><em> P.S. &#8211; Vale a pena ler tr\u00eas artigos publicados na Folha de SP com posi\u00e7\u00f5es diferentes: 1) Ruy Goiaba &#8211; Opini\u00e3o: o inferno s\u00e3o os outros; 2) Luiz Eduardo Soares &#8211; Conversa de segundo turno; 3) Maria Rita Kehl &#8211; Voto contra o retrocesso.<\/em><\/p>\n","protected":false},"excerpt":{"rendered":"<p>Mais um post do Bessa no Taquiprati, com alguns t\u00f3picos muito interessantes. Come\u00e7ando por narrar uma anedota de campanhas passadas (1958, no Amazonas), quando um irm\u00e3o matou outro por torcerem por candidatos diferentes (os dois b\u00eabados, \u00e9 claro), o Bessa &hellip; <a href=\"http:\/\/www.zagaia.blog.br\/?p=206\">Continue lendo <span class=\"meta-nav\">&rarr;<\/span><\/a><\/p>\n","protected":false},"author":1,"featured_media":0,"comment_status":"open","ping_status":"open","sticky":false,"template":"","format":"standard","meta":{"jetpack_post_was_ever_published":false},"categories":[1],"tags":[99,100,97,98],"jetpack_featured_media_url":"","jetpack_shortlink":"https:\/\/wp.me\/p4Lc9A-3k","_links":{"self":[{"href":"http:\/\/www.zagaia.blog.br\/index.php?rest_route=\/wp\/v2\/posts\/206"}],"collection":[{"href":"http:\/\/www.zagaia.blog.br\/index.php?rest_route=\/wp\/v2\/posts"}],"about":[{"href":"http:\/\/www.zagaia.blog.br\/index.php?rest_route=\/wp\/v2\/types\/post"}],"author":[{"embeddable":true,"href":"http:\/\/www.zagaia.blog.br\/index.php?rest_route=\/wp\/v2\/users\/1"}],"replies":[{"embeddable":true,"href":"http:\/\/www.zagaia.blog.br\/index.php?rest_route=%2Fwp%2Fv2%2Fcomments&post=206"}],"version-history":[{"count":2,"href":"http:\/\/www.zagaia.blog.br\/index.php?rest_route=\/wp\/v2\/posts\/206\/revisions"}],"predecessor-version":[{"id":209,"href":"http:\/\/www.zagaia.blog.br\/index.php?rest_route=\/wp\/v2\/posts\/206\/revisions\/209"}],"wp:attachment":[{"href":"http:\/\/www.zagaia.blog.br\/index.php?rest_route=%2Fwp%2Fv2%2Fmedia&parent=206"}],"wp:term":[{"taxonomy":"category","embeddable":true,"href":"http:\/\/www.zagaia.blog.br\/index.php?rest_route=%2Fwp%2Fv2%2Fcategories&post=206"},{"taxonomy":"post_tag","embeddable":true,"href":"http:\/\/www.zagaia.blog.br\/index.php?rest_route=%2Fwp%2Fv2%2Ftags&post=206"}],"curies":[{"name":"wp","href":"https:\/\/api.w.org\/{rel}","templated":true}]}}