{"id":190,"date":"2014-10-11T20:59:52","date_gmt":"2014-10-11T23:59:52","guid":{"rendered":"http:\/\/www.zagaia.blog.br\/?p=190"},"modified":"2014-10-11T20:59:52","modified_gmt":"2014-10-11T23:59:52","slug":"arminio-fraga-socio-de-soros-nao-le-jornais","status":"publish","type":"post","link":"http:\/\/www.zagaia.blog.br\/?p=190","title":{"rendered":"ARM\u00cdNIO FRAGA, S\u00d3CIO DE SOROS, N\u00c3O L\u00ca JORNAIS"},"content":{"rendered":"<div id=\"attachment_181\" style=\"width: 160px\" class=\"wp-caption alignleft\"><a href=\"http:\/\/www.zagaia.blog.br\/wp-content\/uploads\/2014\/10\/arm\u00ednio.jpe\"><img aria-describedby=\"caption-attachment-181\" decoding=\"async\" loading=\"lazy\" class=\"size-thumbnail wp-image-181\" src=\"http:\/\/www.zagaia.blog.br\/wp-content\/uploads\/2014\/10\/arm\u00ednio-150x150.jpe\" alt=\"Um curr\u00edculo de respeito:  durante seis anos o cargo de diretor-gerente da Soros Fund Management LLC; tamb\u00e9m trabalhou na Salomon Brothers em Nova Iorque e no Banco de Investimentos Garantia, no Brasil.\" width=\"150\" height=\"150\" \/><\/a><p id=\"caption-attachment-181\" class=\"wp-caption-text\">Um curr\u00edculo de respeito: durante seis anos o cargo de diretor-gerente da Soros Fund Management LLC; tamb\u00e9m trabalhou na Salomon Brothers em Nova Iorque e no Banco de Investimentos Garantia, no Brasil.<\/p><\/div>\n<p>O senhor Arm\u00ednio Fraga, s\u00f3cio do mega-especulador George Soros e cotado como eventual Ministro da Fazenda em uma hipot\u00e9tica (e improv\u00e1vel) vit\u00f3ria de A\u00e9cio Neves, tem dado repetidas demonstra\u00e7\u00f5es de que n\u00e3o l\u00ea os jornais econ\u00f4micos.<\/p>\n<p>Arm\u00ednio insiste e repete que \u201ca crise econ\u00f4mica internacional acabou h\u00e1 cinco anos\u201d. Ou seja, para ele, a crise que come\u00e7ou com a quebra dos maiores bancos dos EUA em 2008 s\u00f3 durou um ano. De 2009 para c\u00e1 (2014-5= 2009) o mundo vive em crescimento \u201cmodesto\u201d, admite ele, mas sem mais crise.<\/p>\n<p>A prova cabal de que n\u00e3o l\u00ea jornais, pensa que \u00e9 onipotente (lembrem-se, na mitologia judaico-crist\u00e3-islamista, esse papel \u00e9 reservado para o dito Todopoderoso). Assim, Arm\u00ednio Fraga acha que os problemas do Brasil se resumem em \u201cfalta de confian\u00e7a\u201d \u2013 que ele e o Aecim, evidentemente \u2013 resolvem com uma varinha de cond\u00e3o. Plim, Plim (ser\u00e1 que \u00e9 o sininho da Globo tamb\u00e9m?) e o pa\u00eds, integrado nas principais correntes neoliberais, volta a crescer.<\/p>\n<p>Volta a ficar bem pior, segundo a imprensa internacional.<\/p>\n<p>Vide exemplos, todos deste m\u00eas.<\/p>\n<div id=\"attachment_191\" style=\"width: 611px\" class=\"wp-caption alignleft\"><a onclick=\"javascript:pageTracker._trackPageview('\/downloads\/wp-content\/uploads\/2014\/10\/fran\u00e7a-1.jpg');\"  href=\"https:\/\/i0.wp.com\/www.zagaia.blog.br\/wp-content\/uploads\/2014\/10\/fran\u00e7a-1.jpg\"><img aria-describedby=\"caption-attachment-191\" decoding=\"async\" loading=\"lazy\" class=\"size-full wp-image-191\" src=\"https:\/\/i0.wp.com\/www.zagaia.blog.br\/wp-content\/uploads\/2014\/10\/fran\u00e7a-1.jpg?resize=601%2C219\" alt=\"O Estado de S. Paulo, Caderno Economia &amp; Neg\u00f3cios, dia 11\/10\/2014.\" width=\"601\" height=\"219\" srcset=\"https:\/\/i0.wp.com\/www.zagaia.blog.br\/wp-content\/uploads\/2014\/10\/fran\u00e7a-1.jpg?w=601 601w, https:\/\/i0.wp.com\/www.zagaia.blog.br\/wp-content\/uploads\/2014\/10\/fran\u00e7a-1.jpg?resize=300%2C109 300w, https:\/\/i0.wp.com\/www.zagaia.blog.br\/wp-content\/uploads\/2014\/10\/fran\u00e7a-1.jpg?resize=500%2C182 500w\" sizes=\"(max-width: 601px) 100vw, 601px\" data-recalc-dims=\"1\" \/><\/a><p id=\"caption-attachment-191\" class=\"wp-caption-text\">O Estado de S. Paulo, Caderno Economia &amp; Neg\u00f3cios, dia 11\/10\/2014.<\/p><\/div>\n<p><a onclick=\"javascript:pageTracker._trackPageview('\/downloads\/wp-content\/uploads\/2014\/10\/fran\u00e7a-2.jpg');\"  href=\"https:\/\/i0.wp.com\/www.zagaia.blog.br\/wp-content\/uploads\/2014\/10\/fran\u00e7a-2.jpg\"><img decoding=\"async\" loading=\"lazy\" class=\"alignleft size-full wp-image-192\" src=\"https:\/\/i0.wp.com\/www.zagaia.blog.br\/wp-content\/uploads\/2014\/10\/fran\u00e7a-2.jpg?resize=607%2C863\" alt=\"fran\u00e7a 2\" width=\"607\" height=\"863\" srcset=\"https:\/\/i0.wp.com\/www.zagaia.blog.br\/wp-content\/uploads\/2014\/10\/fran\u00e7a-2.jpg?w=607 607w, https:\/\/i0.wp.com\/www.zagaia.blog.br\/wp-content\/uploads\/2014\/10\/fran\u00e7a-2.jpg?resize=211%2C300 211w\" sizes=\"(max-width: 607px) 100vw, 607px\" data-recalc-dims=\"1\" \/><\/a><br \/>\nSer\u00e1 que li certo? \u201cSegundo a S&amp;P, a revis\u00e3o \u201creflete a vis\u00e3o de um espa\u00e7o fiscal em diminui\u00e7\u00e3o para o governo franc\u00eas, \u00e0 luz das perspectivas restritas de crescimento real e nominal da economia, contra um cen\u00e1rio de riscos \u00e0 implementa\u00e7\u00e3o de pol\u00edticas\u201d.<\/p>\n<p>O Arm\u00ednio n\u00e3o leu. Tal como o Arnesto n\u00e3o &#8220;punhou&#8221; um recado na porta, o mini-soros brasileiro tamb\u00e9m n\u00e3o leu mais esta:<\/p>\n<p><a onclick=\"javascript:pageTracker._trackPageview('\/downloads\/wp-content\/uploads\/2014\/10\/Alemanha-1.jpg');\"  href=\"https:\/\/i0.wp.com\/www.zagaia.blog.br\/wp-content\/uploads\/2014\/10\/Alemanha-1.jpg\"><img decoding=\"async\" loading=\"lazy\" class=\"alignleft size-thumbnail wp-image-193\" src=\"https:\/\/i0.wp.com\/www.zagaia.blog.br\/wp-content\/uploads\/2014\/10\/Alemanha-1.jpg?resize=150%2C150\" alt=\"Alemanha 1\" width=\"150\" height=\"150\" srcset=\"https:\/\/i0.wp.com\/www.zagaia.blog.br\/wp-content\/uploads\/2014\/10\/Alemanha-1.jpg?resize=150%2C150 150w, https:\/\/i0.wp.com\/www.zagaia.blog.br\/wp-content\/uploads\/2014\/10\/Alemanha-1.jpg?zoom=2&amp;resize=150%2C150 300w, https:\/\/i0.wp.com\/www.zagaia.blog.br\/wp-content\/uploads\/2014\/10\/Alemanha-1.jpg?zoom=3&amp;resize=150%2C150 450w\" sizes=\"(max-width: 150px) 100vw, 150px\" data-recalc-dims=\"1\" \/><\/a><a onclick=\"javascript:pageTracker._trackPageview('\/downloads\/wp-content\/uploads\/2014\/10\/alemanha-2.jpg');\"  href=\"https:\/\/i0.wp.com\/www.zagaia.blog.br\/wp-content\/uploads\/2014\/10\/alemanha-2.jpg\"><img decoding=\"async\" loading=\"lazy\" class=\"alignleft size-thumbnail wp-image-194\" src=\"https:\/\/i0.wp.com\/www.zagaia.blog.br\/wp-content\/uploads\/2014\/10\/alemanha-2.jpg?resize=150%2C150\" alt=\"alemanha 2\" width=\"150\" height=\"150\" srcset=\"https:\/\/i0.wp.com\/www.zagaia.blog.br\/wp-content\/uploads\/2014\/10\/alemanha-2.jpg?resize=150%2C150 150w, https:\/\/i0.wp.com\/www.zagaia.blog.br\/wp-content\/uploads\/2014\/10\/alemanha-2.jpg?zoom=2&amp;resize=150%2C150 300w, https:\/\/i0.wp.com\/www.zagaia.blog.br\/wp-content\/uploads\/2014\/10\/alemanha-2.jpg?zoom=3&amp;resize=150%2C150 450w\" sizes=\"(max-width: 150px) 100vw, 150px\" data-recalc-dims=\"1\" \/><\/a><a onclick=\"javascript:pageTracker._trackPageview('\/downloads\/wp-content\/uploads\/2014\/10\/alemanha-3.jpg');\"  href=\"https:\/\/i0.wp.com\/www.zagaia.blog.br\/wp-content\/uploads\/2014\/10\/alemanha-3.jpg\"><img decoding=\"async\" loading=\"lazy\" class=\"alignleft size-thumbnail wp-image-195\" src=\"https:\/\/i0.wp.com\/www.zagaia.blog.br\/wp-content\/uploads\/2014\/10\/alemanha-3.jpg?resize=150%2C150\" alt=\"alemanha 3\" width=\"150\" height=\"150\" srcset=\"https:\/\/i0.wp.com\/www.zagaia.blog.br\/wp-content\/uploads\/2014\/10\/alemanha-3.jpg?resize=150%2C150 150w, https:\/\/i0.wp.com\/www.zagaia.blog.br\/wp-content\/uploads\/2014\/10\/alemanha-3.jpg?zoom=2&amp;resize=150%2C150 300w, https:\/\/i0.wp.com\/www.zagaia.blog.br\/wp-content\/uploads\/2014\/10\/alemanha-3.jpg?zoom=3&amp;resize=150%2C150 450w\" sizes=\"(max-width: 150px) 100vw, 150px\" data-recalc-dims=\"1\" \/><\/a><\/p>\n<p>Sim, amigos, foi o pr\u00f3prio GROBO que publicou, mas o Arm\u00ednio n\u00e3o leu.<\/p>\n<p>Alguns trechos relevantes da mat\u00e9ria:<\/p>\n<p><em>\u201cTemores sobre recess\u00e3o na Alemanha crescem com forte queda nas exporta\u00e7\u00f5es<br \/>\nEm agosto, vendas para o exterior tiveram maior recuo desde o pico da crise<br \/>\nPOR REUTERS<br \/>\n09\/10\/2014 9:17 \/ ATUALIZADO 09\/10\/2014 13:11<br \/>\nBERLIM &#8211; As exporta\u00e7\u00f5es alem\u00e3s recuaram 5,8% em agosto, a maior queda desde o pico da crise financeira, informou a Ag\u00eancia Federal de Estat\u00edsticas do pa\u00eds nesta quinta-feira. O fraco desempenho fez com que importantes institutos reduzissem as estimativas de crescimento, alimentando o debate sobre se a Alemanha est\u00e1 fazendo o suficiente para impulsionar as economias dom\u00e9sticas e europeia.<br \/>\nO dado desta quinta \u00e9 o mais recente sinal de que a maior economia da Europa est\u00e1 vacilando em meio \u00e0 fraqueza na zona do euro e crises no exterior que afetaram a confian\u00e7a e adiaram os planos de investimentos das empresas alem\u00e3s.<br \/>\n\u2014 A economia parece precisar de um pequeno milagre em setembro para evitar recess\u00e3o no terceiro trimestre \u2014 disse o economista do ING Carsten Brzeski.<br \/>\nA ag\u00eancia de estat\u00edsticas informou que as f\u00e9rias de ver\u00e3o em alguns estados alem\u00e3es contribuiu para a queda tanto das exporta\u00e7\u00f5es quanto das importa\u00e7\u00f5es, mas os n\u00fameros ainda indicam cen\u00e1rio obscuro para a Alemanha ap\u00f3s fortes quedas nas encomendas industriais e dados de produ\u00e7\u00e3o divulgadas nesta semana.\u201d<\/em><\/p>\n<p>Mas o Arm\u00ednio n\u00e3o leu.<\/p>\n<p>Para ele, l\u00e1 fora tudo est\u00e1 uma maravilha.<\/p>\n<p>A recess\u00e3o acabou faz cinco anos, segundo ele.<\/p>\n<p>Tampouco leu essas outras not\u00edcias desagrad\u00e1veis:<\/p>\n<p>(Tamb\u00e9m n\u2019O Globo do dia 25 de setembro de 2014)<\/p>\n<p><a onclick=\"javascript:pageTracker._trackPageview('\/downloads\/wp-content\/uploads\/2014\/10\/alemanha4.jpg');\"  href=\"https:\/\/i0.wp.com\/www.zagaia.blog.br\/wp-content\/uploads\/2014\/10\/alemanha4.jpg\"><img decoding=\"async\" loading=\"lazy\" class=\"aligncenter size-full wp-image-196\" src=\"https:\/\/i0.wp.com\/www.zagaia.blog.br\/wp-content\/uploads\/2014\/10\/alemanha4.jpg?resize=640%2C360\" alt=\"alemanha4\" width=\"640\" height=\"360\" srcset=\"https:\/\/i0.wp.com\/www.zagaia.blog.br\/wp-content\/uploads\/2014\/10\/alemanha4.jpg?w=1920 1920w, https:\/\/i0.wp.com\/www.zagaia.blog.br\/wp-content\/uploads\/2014\/10\/alemanha4.jpg?resize=300%2C168 300w, https:\/\/i0.wp.com\/www.zagaia.blog.br\/wp-content\/uploads\/2014\/10\/alemanha4.jpg?resize=1024%2C576 1024w, https:\/\/i0.wp.com\/www.zagaia.blog.br\/wp-content\/uploads\/2014\/10\/alemanha4.jpg?resize=500%2C281 500w, https:\/\/i0.wp.com\/www.zagaia.blog.br\/wp-content\/uploads\/2014\/10\/alemanha4.jpg?w=1280 1280w\" sizes=\"(max-width: 640px) 100vw, 640px\" data-recalc-dims=\"1\" \/><\/a><br \/>\n<em>\u201cFRANKFURT &#8211; Um dos principais indicadores da confian\u00e7a das empresas alem\u00e3s caiu ontem mais que o esperado, para seu patamar mais baixo desde 2012, intensificando os temores de que a mais forte economia da zona do euro esteja amea\u00e7ada de entrar em recess\u00e3o.<br \/>\nA vigorosa atividade econ\u00f4mica da Alemanha serviu de \u00e2ncora para o restante da zona do euro durante quatro anos de crise intermitente e de crescimento irregular.<br \/>\nUma estagna\u00e7\u00e3o do crescimento alem\u00e3o faz prever problemas para pa\u00edses como Fran\u00e7a e It\u00e1lia, que dependem fortemente do com\u00e9rcio com a Alemanha, e se encontram em condi\u00e7\u00f5es econ\u00f4micas muito piores.<br \/>\nA economia alem\u00e3 j\u00e1 registrou um decl\u00ednio no segundo trimestre, quando a produ\u00e7\u00e3o caiu 0,2% em compara\u00e7\u00e3o com o trimestre anterior. Outro decl\u00ednio trimestral consecutivo colocar\u00e1 o pa\u00eds em recess\u00e3o.<br \/>\n&#8220;A maior economia da zona do euro atingiu um est\u00e1gio perigoso entre um per\u00edodo fraco e uma quase estagna\u00e7\u00e3o mais prolongada&#8221;, disse Carsten Brzeski, economista do Ing Bank, numa nota aos clientes.<br \/>\nA pesquisa do Instituto Ifo de Munique mostrou que seu \u00edndice do clima para os neg\u00f3cios, um composto de expectativas dos gerentes em rela\u00e7\u00e3o ao futuro e sua avalia\u00e7\u00e3o da situa\u00e7\u00e3o atual, caiu de 106,3 em agosto, o patamar mais baixo desde abril de 2012, para 104,7 em setembro.<br \/>\nNa pesquisa, as expectativas para as empresas nos pr\u00f3ximos seis meses chegaram ao seu n\u00edvel mais baixo desde dezembro de 2012, caindo de 101,7 em agosto para 99,3. A pesquisa, que ouviu 7 mil gerentes, mede o clima em rela\u00e7\u00e3o a 2005, quando o \u00cdndice foi fixado em 100.<br \/>\n&#8220;A economia alem\u00e3 n\u00e3o est\u00e1 mais percorrendo um caminho suave&#8221;,<\/em> <em>disse em um comunicado Hans Werner Sinn, presidente do Instituto Ifo\u201d<\/em><\/p>\n<p>&#8220;Crise intermitente?&#8221; como assim? Mr. Fraga disse que a crise j\u00e1 acabou&#8230;<\/p>\n<p>N\u00e3o, o presuntivo ministro do Aecim n\u00e3o leu isso.<\/p>\n<p>Mas n\u00e3o \u00e9 s\u00f3 na Alemanha e na Fran\u00e7a.<\/p>\n<p>A merda est\u00e1 grande mesmo \u00e9 em outros pa\u00edses.<\/p>\n<p>Pra facilitar, j\u00e1 que o Fraga anda t\u00e3o entretido em ver as gar\u00e7as (o \u201cthink tank\u201d tucano se chama \u201cCasa das Gar\u00e7as\u201d, no Rio. N\u00e3o \u00e9 gracioso?), seguem s\u00f3 dois quadros.<\/p>\n<p>O primeiro, do desemprego geral na Europa.<\/p>\n<p><a onclick=\"javascript:pageTracker._trackPageview('\/downloads\/wp-content\/uploads\/2014\/10\/desemprego-Europa-1.jpg');\"  href=\"https:\/\/i0.wp.com\/www.zagaia.blog.br\/wp-content\/uploads\/2014\/10\/desemprego-Europa-1.jpg\"><img decoding=\"async\" loading=\"lazy\" class=\"aligncenter size-full wp-image-197\" src=\"https:\/\/i0.wp.com\/www.zagaia.blog.br\/wp-content\/uploads\/2014\/10\/desemprego-Europa-1.jpg?resize=640%2C361\" alt=\"desemprego Europa 1\" width=\"640\" height=\"361\" srcset=\"https:\/\/i0.wp.com\/www.zagaia.blog.br\/wp-content\/uploads\/2014\/10\/desemprego-Europa-1.jpg?w=640 640w, https:\/\/i0.wp.com\/www.zagaia.blog.br\/wp-content\/uploads\/2014\/10\/desemprego-Europa-1.jpg?resize=300%2C169 300w, https:\/\/i0.wp.com\/www.zagaia.blog.br\/wp-content\/uploads\/2014\/10\/desemprego-Europa-1.jpg?resize=500%2C282 500w\" sizes=\"(max-width: 640px) 100vw, 640px\" data-recalc-dims=\"1\" \/><\/a><\/p>\n<p>Mas a verdade \u00e9 ainda mais tr\u00e1gica. Quem se fode mesmo s\u00e3o os jovens:<\/p>\n<p><a onclick=\"javascript:pageTracker._trackPageview('\/downloads\/wp-content\/uploads\/2014\/10\/desemprego-europa-2.jpg');\"  href=\"https:\/\/i0.wp.com\/www.zagaia.blog.br\/wp-content\/uploads\/2014\/10\/desemprego-europa-2.jpg\"><img decoding=\"async\" loading=\"lazy\" class=\"aligncenter size-full wp-image-198\" src=\"https:\/\/i0.wp.com\/www.zagaia.blog.br\/wp-content\/uploads\/2014\/10\/desemprego-europa-2.jpg?resize=640%2C361\" alt=\"desemprego europa 2\" width=\"640\" height=\"361\" srcset=\"https:\/\/i0.wp.com\/www.zagaia.blog.br\/wp-content\/uploads\/2014\/10\/desemprego-europa-2.jpg?w=640 640w, https:\/\/i0.wp.com\/www.zagaia.blog.br\/wp-content\/uploads\/2014\/10\/desemprego-europa-2.jpg?resize=300%2C169 300w, https:\/\/i0.wp.com\/www.zagaia.blog.br\/wp-content\/uploads\/2014\/10\/desemprego-europa-2.jpg?resize=500%2C282 500w\" sizes=\"(max-width: 640px) 100vw, 640px\" data-recalc-dims=\"1\" \/><\/a><\/p>\n<p>Analfabeto acredito que o sr. Arm\u00ednio Fraga n\u00e3o seja. Ser\u00e1 um caso de cegueira seletiva?<\/p>\n<p>Ou m\u00e1 f\u00e9?<\/p>\n<p>Ou t\u00e3o somente a vis\u00e3o distorcida que n\u00e3o reconhece que seu modelo econ\u00f4mico leva a isso?<\/p>\n<p>Um modelo que at\u00e9 a Merkel j\u00e1 est\u00e1 abandonando&#8230;<\/p>\n<p>Arm\u00ednio Fraga, caia na real.<\/p>\n","protected":false},"excerpt":{"rendered":"<p>O senhor Arm\u00ednio Fraga, s\u00f3cio do mega-especulador George Soros e cotado como eventual Ministro da Fazenda em uma hipot\u00e9tica (e improv\u00e1vel) vit\u00f3ria de A\u00e9cio Neves, tem dado repetidas demonstra\u00e7\u00f5es de que n\u00e3o l\u00ea os jornais econ\u00f4micos. Arm\u00ednio insiste e repete &hellip; <a href=\"http:\/\/www.zagaia.blog.br\/?p=190\">Continue lendo <span class=\"meta-nav\">&rarr;<\/span><\/a><\/p>\n","protected":false},"author":1,"featured_media":0,"comment_status":"open","ping_status":"open","sticky":false,"template":"","format":"standard","meta":{"jetpack_post_was_ever_published":false},"categories":[1],"tags":[85,83,84,88,86,70,87],"jetpack_featured_media_url":"","jetpack_shortlink":"https:\/\/wp.me\/p4Lc9A-34","_links":{"self":[{"href":"http:\/\/www.zagaia.blog.br\/index.php?rest_route=\/wp\/v2\/posts\/190"}],"collection":[{"href":"http:\/\/www.zagaia.blog.br\/index.php?rest_route=\/wp\/v2\/posts"}],"about":[{"href":"http:\/\/www.zagaia.blog.br\/index.php?rest_route=\/wp\/v2\/types\/post"}],"author":[{"embeddable":true,"href":"http:\/\/www.zagaia.blog.br\/index.php?rest_route=\/wp\/v2\/users\/1"}],"replies":[{"embeddable":true,"href":"http:\/\/www.zagaia.blog.br\/index.php?rest_route=%2Fwp%2Fv2%2Fcomments&post=190"}],"version-history":[{"count":1,"href":"http:\/\/www.zagaia.blog.br\/index.php?rest_route=\/wp\/v2\/posts\/190\/revisions"}],"predecessor-version":[{"id":199,"href":"http:\/\/www.zagaia.blog.br\/index.php?rest_route=\/wp\/v2\/posts\/190\/revisions\/199"}],"wp:attachment":[{"href":"http:\/\/www.zagaia.blog.br\/index.php?rest_route=%2Fwp%2Fv2%2Fmedia&parent=190"}],"wp:term":[{"taxonomy":"category","embeddable":true,"href":"http:\/\/www.zagaia.blog.br\/index.php?rest_route=%2Fwp%2Fv2%2Fcategories&post=190"},{"taxonomy":"post_tag","embeddable":true,"href":"http:\/\/www.zagaia.blog.br\/index.php?rest_route=%2Fwp%2Fv2%2Ftags&post=190"}],"curies":[{"name":"wp","href":"https:\/\/api.w.org\/{rel}","templated":true}]}}