{"id":18,"date":"2014-06-25T00:59:37","date_gmt":"2014-06-25T03:59:37","guid":{"rendered":"http:\/\/www.zagaia.blog.br\/?p=18"},"modified":"2014-06-25T00:59:37","modified_gmt":"2014-06-25T03:59:37","slug":"egos-superfaturados","status":"publish","type":"post","link":"http:\/\/www.zagaia.blog.br\/?p=18","title":{"rendered":"EGOS SUPERFATURADOS"},"content":{"rendered":"<p><a onclick=\"javascript:pageTracker._trackPageview('\/outgoing\/www.leismunicipais.com.br\/a\/mg\/b\/belo-horizonte\/lei-ordinaria\/1962\/94\/945\/lei-ordinaria-n-945-1962-passa-a-denominar-se-cid-rebelo-horta-a-rua-irineu-marinho-no-bairro-nova-suica-1962-11-23.html');\"  href=\"https:\/\/www.leismunicipais.com.br\/a\/mg\/b\/belo-horizonte\/lei-ordinaria\/1962\/94\/945\/lei-ordinaria-n-945-1962-passa-a-denominar-se-cid-rebelo-horta-a-rua-irineu-marinho-no-bairro-nova-suica-1962-11-23.html\" target=\"_blank\"><\/a>Um dos textos que li quando fazia o Mestrado em Antropologia Social no PPGAS da UFRJ foi o \u201cFam\u00edlias Governamentais de Minas Gerais\u201d, do Cid Rebelo Horta. O trabalho foi publicado em 1956 pela UFMG. Nele, Horta mostra como cerca de cinquenta fam\u00edlias mineiras controlavam a vida pol\u00edtica das alterosas \u2013 de modo completo na Rep\u00fablica Velha, mas com suas continuidades at\u00e9 hoje (os Neves de S. Jo\u00e3o Del Rey j\u00e1 estavam l\u00e1, assim como os Cunha de Te\u00f3filo Ottoni).<\/p>\n<p>Mas lembrei do artigo por conta de uma piada que envolve umas dessas tradicional\u00edssimas fam\u00edlias mineiras. Vamos dizer que seja a fam\u00edlia A.A. J\u00e1 deu governadores (de Minas, of course), ministros de Estado e do STF, parlamentares \u00e0s pencas, embaixadores. Enfim, fam\u00edlia digna do pante\u00e3o do Cid Rebelo. Gente culta, sempre bem preparada. A piada diz que se voc\u00ea compra um A.A. pelo que vale (e vale muito) e vende pelo que eles pensam que vale&#8230; fez o melhor neg\u00f3cio do mundo. Milion\u00e1rio instant\u00e2neo.<\/p>\n<p>A piada \u00e9 base da minha teoria dos Egos Superfaturados.<\/p>\n<div id=\"attachment_19\" style=\"width: 231px\" class=\"wp-caption alignleft\"><a onclick=\"javascript:pageTracker._trackPageview('\/downloads\/wp-content\/uploads\/2014\/06\/ronaldo-gordo.jpg');\"  href=\"https:\/\/i0.wp.com\/www.zagaia.blog.br\/wp-content\/uploads\/2014\/06\/ronaldo-gordo.jpg\"><img aria-describedby=\"caption-attachment-19\" decoding=\"async\" loading=\"lazy\" class=\" wp-image-19\" src=\"https:\/\/i0.wp.com\/www.zagaia.blog.br\/wp-content\/uploads\/2014\/06\/ronaldo-gordo.jpg?resize=221%2C221\" alt=\"Ego Superfaturado cospe no prato em que comeu... e engorda.\" width=\"221\" height=\"221\" srcset=\"https:\/\/i0.wp.com\/www.zagaia.blog.br\/wp-content\/uploads\/2014\/06\/ronaldo-gordo.jpg?w=300 300w, https:\/\/i0.wp.com\/www.zagaia.blog.br\/wp-content\/uploads\/2014\/06\/ronaldo-gordo.jpg?resize=150%2C150 150w\" sizes=\"(max-width: 221px) 100vw, 221px\" data-recalc-dims=\"1\" \/><\/a><p id=\"caption-attachment-19\" class=\"wp-caption-text\">Ego Superfaturado cospe no prato em que comeu&#8230; e engorda.<\/p><\/div>\n<p>Assim como existem obras importantes contratadas por X e que terminam custando XXX, o portador do Ego Superfaturado \u00e9 algu\u00e9m de sucesso em algum campo que exige habilidades espec\u00edficas. O Ego Superfaturado se manifesta quando seu portador mete o bedelho em algo completamente fora da sua \u00e1rea.<\/p>\n<p>Digamos que o indigitado seja jogador de futebol, cantor, ator \u2013 e suas vers\u00f5es femininas. \u00c0s vezes durante seus per\u00edodos de auge, \u00e0s vezes quando j\u00e1 est\u00e3o em decad\u00eancia, os respectivos egos, superfaturados quando jogadores, atores ou cantores, se manifesta de forma espetacular. Geralmente cretina. E frequentemente falando sobre pol\u00edtica. Claro, voc\u00ea poderia, em tese, ter um m\u00e9dico com Ego Superfaturado falando, digamos, de arquitetura. Mas, caso isso exista, \u00e9 certamente raro. A patologia se revela com muito mais frequ\u00eancia naquelas tr\u00eas \u00e1reas nas quais a abund\u00e2ncia de egos superfaturados \u00e9 realmente espetacular!<\/p>\n<p style=\"text-align: right;\">Um Ego Superfaturado falando de pol\u00edtica seria c\u00f4mico, se n\u00e3o fosse pat\u00e9tico.<\/p>\n<p style=\"text-align: right;\">\n<div id=\"attachment_21\" style=\"width: 310px\" class=\"wp-caption alignright\"><a onclick=\"javascript:pageTracker._trackPageview('\/downloads\/wp-content\/uploads\/2014\/06\/ney-ego-superfaturado-2.jpeg');\"  href=\"https:\/\/i0.wp.com\/www.zagaia.blog.br\/wp-content\/uploads\/2014\/06\/ney-ego-superfaturado-2.jpeg\"><img aria-describedby=\"caption-attachment-21\" decoding=\"async\" loading=\"lazy\" class=\"size-medium wp-image-21\" src=\"https:\/\/i0.wp.com\/www.zagaia.blog.br\/wp-content\/uploads\/2014\/06\/ney-ego-superfaturado-2.jpeg?resize=300%2C206\" alt=\"De vez em quando um ego superfaturado fica nervoso.\" width=\"300\" height=\"206\" srcset=\"https:\/\/i0.wp.com\/www.zagaia.blog.br\/wp-content\/uploads\/2014\/06\/ney-ego-superfaturado-2.jpeg?resize=300%2C206 300w, https:\/\/i0.wp.com\/www.zagaia.blog.br\/wp-content\/uploads\/2014\/06\/ney-ego-superfaturado-2.jpeg?w=382 382w\" sizes=\"(max-width: 300px) 100vw, 300px\" data-recalc-dims=\"1\" \/><\/a><p id=\"caption-attachment-21\" class=\"wp-caption-text\">De vez em quando um ego superfaturado fica nervoso.<\/p><\/div>\n<p>\u00c9 claro que, como cidad\u00e3o, o portador do Ego Superfaturado pode falar o que quiser. Democracia \u00e9 assim. O superfaturamento aparece precisamente quando pretende transferir o prest\u00edgio alcan\u00e7ado com suas habilidades e talento pessoais para outro campo, do qual na verdade n\u00e3o sabe bulhufas. E, o que \u00e9 pior, geralmente o Superfaturado est\u00e1 querendo mesmo \u00e9 aumentar seu status.<\/p>\n<p>Vejamos s\u00f3 alguns exemplos recentes.<\/p>\n<p>O Ronaldo, que sem d\u00favida foi um grande jogador (apesar de jamais ter explicado a tal convuls\u00e3o e a exig\u00eancia de ser escalado na final contra a Fran\u00e7a), passa anos como membro do comit\u00ea que organiza a Copa.<\/p>\n<p>A\u00ed, um belo dia, vai jantar com o A\u00e9cio, e ningu\u00e9m sabe qual \u00e9 o menu. Mas o resultado \u00e9, dias depois, o ex-defensor da Copa no Brasil se declarar \u201cenvergonhado\u201d. Continua faturando nos an\u00fancios e contratado pela TV Globo (desconfio que vai acabar meio na geladeira). Talvez queira ser ministro em uma eventual vit\u00f3ria tucana. E tasca seu Ego Superfaturado em uma das manifesta\u00e7\u00f5es mais hip\u00f3critas que jamais foram feitas sobre o assunto.<\/p>\n<p>O outro caso pat\u00e9tico \u00e9 o do cantor Ney Matogrosso. Na juventude, ficou famoso pelas atitudes ousadas, a voz em falsete se levantando como uma afirma\u00e7\u00e3o eloquente, embora n\u00e3o explicitada, do direito \u00e0 diversidade sexual. Vai para Portugal e tem um ataque de Ego Superfaturado. Coitado!<\/p>\n<p>O \u00faltimo caso \u00e9 t\u00e3o rid\u00edculo que serve mesmo de rodap\u00e9. Um tal de Latino diz que n\u00e3o vai cantar na Copa por ser \u201ccontra o PT\u201d. Nesse caso h\u00e1 d\u00favidas se \u00e9 realmente uma manifesta\u00e7\u00e3o de Ego Superfaturado, j\u00e1 que o original n\u00e3o era exatamente um farol na m\u00fasica popular brasileira. Talvez seja o caso de um Sub-Ego Superfaturado. Imaginem que, se al\u00e9m das baixarias da abertura, ainda tiv\u00e9ssemos que ouvir o dito Latino! A J-Lo e a Cl\u00e1udia Leitttttte\u00a0 (nem sei quantos \u201cts\u201d esse egozinho superfaturado anda usando) pelo menos fazem bem para os olhos.<\/p>\n<div id=\"attachment_22\" style=\"width: 297px\" class=\"wp-caption alignright\"><a href=\"http:\/\/www.zagaia.blog.br\/wp-content\/uploads\/2014\/06\/latino-ego-3.jpe\"><img aria-describedby=\"caption-attachment-22\" decoding=\"async\" loading=\"lazy\" class=\"size-full wp-image-22\" src=\"http:\/\/www.zagaia.blog.br\/wp-content\/uploads\/2014\/06\/latino-ego-3.jpe\" alt=\"Falta de senso de rid\u00edculo \u00e9 sempre um sintoma de ego superfaturado\" width=\"287\" height=\"176\" \/><\/a><p id=\"caption-attachment-22\" class=\"wp-caption-text\">Falta de senso de rid\u00edculo \u00e9 sempre um sintoma de ego superfaturado<\/p><\/div>\n<p>O Ego Superfaturado d\u00e1 seus palpites pol\u00edticos alegando que est\u00e1 \u201cexercendo sua cidadania\u201d. Mas, quando \u00e9 criticado por outro cidad\u00e3o, quem faz isso, segundo o Ego Superfaturado, est\u00e1 exercendo \u201cpatrulha ideol\u00f3gica\u201d. Ora, cidadania se exerce, em \u00faltima inst\u00e2ncia, no recesso da cabina de vota\u00e7\u00e3o. Ali, todos os cidad\u00e3os s\u00e3o iguais, e cada cidad\u00e3o vale um voto.<\/p>\n<p>Mas, para o Ego Superfaturado, isso \u00e9 insuport\u00e1vel. Ele sempre quer valer mais que os outros. N\u00e3o suporta cr\u00edticas. Fica ofendido e faz biquinho.<\/p>\n<p>\u00c9 triste. Mas s\u00f3 nos resta dizer aos portadores de egos superfaturados: n\u00e3o quer brincar, n\u00e3o desce pro play.<\/p>\n<p>O divertido \u00e9 que cada um pode fazer sua pr\u00f3pria lista de egos superfaturados. Experimente. Compartilhe.<\/p>\n<p>&nbsp;<\/p>\n<p>PS \u2013 O professor Cid Rebelo Horta acabou nome de avenida em BH. Foi um respeitado professor da UFMG e seu trabalho \u00e9 pioneiro no estudo de genealogias como instrumento de an\u00e1lise pol\u00edtica e social. A ironia \u00e9 que a avenida foi batizada com seu nome em substitui\u00e7\u00e3o ao nome de Irineu Marinho. Que vem a ser o pai do \u201cjornalista\u201d Roberto. N\u00e3o sei se o prefeito Amintas de Barros, que sancionou a lei, entendia mesmo a ironia do seu ato. Pelo menos O Globo n\u00e3o \u00e9 de BH. Ver em: https:\/\/www.leismunicipais.com.br\/a\/mg\/b\/belo-horizonte\/lei-ordinaria\/1962\/94\/945\/lei-ordinaria-n-945-1962-passa-a-denominar-se-cid-rebelo-horta-a-rua-irineu-marinho-no-bairro-nova-suica-1962-11-23.html<\/p>\n<p>&nbsp;<\/p>\n<p>&nbsp;<\/p>\n<p style=\"text-align: right;\">\n","protected":false},"excerpt":{"rendered":"<p>Um dos textos que li quando fazia o Mestrado em Antropologia Social no PPGAS da UFRJ foi o \u201cFam\u00edlias Governamentais de Minas Gerais\u201d, do Cid Rebelo Horta. O trabalho foi publicado em 1956 pela UFMG. Nele, Horta mostra como cerca &hellip; <a href=\"http:\/\/www.zagaia.blog.br\/?p=18\">Continue lendo <span class=\"meta-nav\">&rarr;<\/span><\/a><\/p>\n","protected":false},"author":1,"featured_media":0,"comment_status":"open","ping_status":"open","sticky":false,"template":"","format":"standard","meta":{"jetpack_post_was_ever_published":false},"categories":[1],"tags":[],"jetpack_featured_media_url":"","jetpack_shortlink":"https:\/\/wp.me\/p4Lc9A-i","_links":{"self":[{"href":"http:\/\/www.zagaia.blog.br\/index.php?rest_route=\/wp\/v2\/posts\/18"}],"collection":[{"href":"http:\/\/www.zagaia.blog.br\/index.php?rest_route=\/wp\/v2\/posts"}],"about":[{"href":"http:\/\/www.zagaia.blog.br\/index.php?rest_route=\/wp\/v2\/types\/post"}],"author":[{"embeddable":true,"href":"http:\/\/www.zagaia.blog.br\/index.php?rest_route=\/wp\/v2\/users\/1"}],"replies":[{"embeddable":true,"href":"http:\/\/www.zagaia.blog.br\/index.php?rest_route=%2Fwp%2Fv2%2Fcomments&post=18"}],"version-history":[{"count":3,"href":"http:\/\/www.zagaia.blog.br\/index.php?rest_route=\/wp\/v2\/posts\/18\/revisions"}],"predecessor-version":[{"id":24,"href":"http:\/\/www.zagaia.blog.br\/index.php?rest_route=\/wp\/v2\/posts\/18\/revisions\/24"}],"wp:attachment":[{"href":"http:\/\/www.zagaia.blog.br\/index.php?rest_route=%2Fwp%2Fv2%2Fmedia&parent=18"}],"wp:term":[{"taxonomy":"category","embeddable":true,"href":"http:\/\/www.zagaia.blog.br\/index.php?rest_route=%2Fwp%2Fv2%2Fcategories&post=18"},{"taxonomy":"post_tag","embeddable":true,"href":"http:\/\/www.zagaia.blog.br\/index.php?rest_route=%2Fwp%2Fv2%2Ftags&post=18"}],"curies":[{"name":"wp","href":"https:\/\/api.w.org\/{rel}","templated":true}]}}