{"id":174,"date":"2014-10-09T21:08:05","date_gmt":"2014-10-10T00:08:05","guid":{"rendered":"http:\/\/www.zagaia.blog.br\/?p=174"},"modified":"2014-10-09T21:10:44","modified_gmt":"2014-10-10T00:10:44","slug":"para-o-pig-aqui-tudo-esta-ruiim-e-la-fora-uma-maravilha","status":"publish","type":"post","link":"http:\/\/www.zagaia.blog.br\/?p=174","title":{"rendered":"PARA O PIG, AQUI TUDO EST\u00c1 RUIM E L\u00c1 FORA UMA MARAVILHA"},"content":{"rendered":"<p>As manchetes dos jornais, diariamente, soltam o cantoch\u00e3o: no Brasil tudo est\u00e1 ruim, a Dilma \u00e9 incompetente, o Mantega um p\u00e2ndego, bom \u00e9 o A\u00e9cio e o Arm\u00ednio Fraga vai por ordem na esculhamba\u00e7\u00e3o.<\/p>\n<p>Bom, como sempre digo, a manipula\u00e7\u00e3o aparece nas manchetes. E, mais significativamente, no que publicam l\u00e1 no fundo do jornal.<\/p>\n<p>As manchetonas s\u00e3o claras: O FMI diz que o Brasil vai mal.<\/p>\n<p>Ora, ora, o FMI. Quem gosta dele \u00e9 o PSDB. O FHC foi l\u00e1 implorar os trocados depois de quebrar o pa\u00eds tr\u00eas vezes, aceitar o monitoramento da economia brasileira pelas doutoras Jul e quejandos. Que chegavam em Bras\u00edlia para dizer ao dr. Pedro Malan: Fa\u00e7a isso, fa\u00e7a aquilo, e mais aquilo outro. As respostas de sempre: Sim, sinh\u00e1, sim, sinh\u00f4. Sim, sim sim. S\u00f3 isso ou arrocho mais, sinhazinha?<\/p>\n<p>At\u00e9 que veio Lula, pagou tudo, e o Brasil virar credor do FMI. E a Dilma articulou a cria\u00e7\u00e3o do Banco de Desenvolvimento dos BRICS.<\/p>\n<p>Mas, para os colonizados de sempre, o que vale mesmo s\u00e3o as avalia\u00e7\u00f5es do FMI. \u201c\u00c7\u00e1bios\u201d que n\u00e3o sabiam nada sobre a fragilidade do sistema banc\u00e1rio internacional. \u201cExpertos\u201d que soltavam grana atrelada \u00e0 compra dos produtos e servi\u00e7os dos EUA.<\/p>\n<p>E que o PIG continua louvando, como se v\u00ea nos dois recortes a seguir.<\/p>\n<p>Mas, por favor, deem uma olhada no terceiro, que estava na dobra de baixo da pen\u00faltima p\u00e1gina do caderno \u201cEconomia &amp; Neg\u00f3cios\u201d, tamb\u00e9m do Estad\u00fanculo de ontem.<\/p>\n<div id=\"attachment_175\" style=\"width: 594px\" class=\"wp-caption alignleft\"><a onclick=\"javascript:pageTracker._trackPageview('\/downloads\/wp-content\/uploads\/2014\/10\/economia-hoje-1.jpg');\"  href=\"https:\/\/i0.wp.com\/www.zagaia.blog.br\/wp-content\/uploads\/2014\/10\/economia-hoje-1.jpg\"><img aria-describedby=\"caption-attachment-175\" decoding=\"async\" loading=\"lazy\" class=\"size-large wp-image-175\" src=\"https:\/\/i0.wp.com\/www.zagaia.blog.br\/wp-content\/uploads\/2014\/10\/economia-hoje-1.jpg?resize=584%2C236\" alt=\"Manchete da 1\u00aa. P\u00e1gina do dia 8\/10\/2014\" width=\"584\" height=\"236\" srcset=\"https:\/\/i0.wp.com\/www.zagaia.blog.br\/wp-content\/uploads\/2014\/10\/economia-hoje-1.jpg?resize=1024%2C415 1024w, https:\/\/i0.wp.com\/www.zagaia.blog.br\/wp-content\/uploads\/2014\/10\/economia-hoje-1.jpg?resize=300%2C121 300w, https:\/\/i0.wp.com\/www.zagaia.blog.br\/wp-content\/uploads\/2014\/10\/economia-hoje-1.jpg?resize=500%2C202 500w, https:\/\/i0.wp.com\/www.zagaia.blog.br\/wp-content\/uploads\/2014\/10\/economia-hoje-1.jpg?w=1366 1366w, https:\/\/i0.wp.com\/www.zagaia.blog.br\/wp-content\/uploads\/2014\/10\/economia-hoje-1.jpg?w=1280 1280w\" sizes=\"(max-width: 584px) 100vw, 584px\" data-recalc-dims=\"1\" \/><\/a><p id=\"caption-attachment-175\" class=\"wp-caption-text\">Manchete da 1\u00aa. P\u00e1gina do dia 8\/10\/2014<\/p><\/div>\n<div id=\"attachment_176\" style=\"width: 594px\" class=\"wp-caption alignleft\"><a onclick=\"javascript:pageTracker._trackPageview('\/downloads\/wp-content\/uploads\/2014\/10\/economia-hoje-2.jpg');\"  href=\"https:\/\/i0.wp.com\/www.zagaia.blog.br\/wp-content\/uploads\/2014\/10\/economia-hoje-2.jpg\"><img aria-describedby=\"caption-attachment-176\" decoding=\"async\" loading=\"lazy\" class=\"size-large wp-image-176\" src=\"https:\/\/i0.wp.com\/www.zagaia.blog.br\/wp-content\/uploads\/2014\/10\/economia-hoje-2.jpg?resize=584%2C293\" alt=\"Manchete da 1a. p\u00e1gina do Caderno Economia e Neg\u00f3cios\" width=\"584\" height=\"293\" srcset=\"https:\/\/i0.wp.com\/www.zagaia.blog.br\/wp-content\/uploads\/2014\/10\/economia-hoje-2.jpg?resize=1024%2C514 1024w, https:\/\/i0.wp.com\/www.zagaia.blog.br\/wp-content\/uploads\/2014\/10\/economia-hoje-2.jpg?resize=300%2C150 300w, https:\/\/i0.wp.com\/www.zagaia.blog.br\/wp-content\/uploads\/2014\/10\/economia-hoje-2.jpg?resize=500%2C251 500w, https:\/\/i0.wp.com\/www.zagaia.blog.br\/wp-content\/uploads\/2014\/10\/economia-hoje-2.jpg?w=1459 1459w, https:\/\/i0.wp.com\/www.zagaia.blog.br\/wp-content\/uploads\/2014\/10\/economia-hoje-2.jpg?w=1280 1280w\" sizes=\"(max-width: 584px) 100vw, 584px\" data-recalc-dims=\"1\" \/><\/a><p id=\"caption-attachment-176\" class=\"wp-caption-text\">Manchete da 1a. p\u00e1gina do Caderno Economia e Neg\u00f3cios<\/p><\/div>\n<div id=\"attachment_177\" style=\"width: 594px\" class=\"wp-caption alignleft\"><a onclick=\"javascript:pageTracker._trackPageview('\/downloads\/wp-content\/uploads\/2014\/10\/economia-hoje-3.jpg');\"  href=\"https:\/\/i0.wp.com\/www.zagaia.blog.br\/wp-content\/uploads\/2014\/10\/economia-hoje-3.jpg\"><img aria-describedby=\"caption-attachment-177\" decoding=\"async\" loading=\"lazy\" class=\"size-large wp-image-177\" src=\"https:\/\/i0.wp.com\/www.zagaia.blog.br\/wp-content\/uploads\/2014\/10\/economia-hoje-3.jpg?resize=584%2C377\" alt=\"P\u00e1gina 8 do Caderno Economia &amp; Neg\u00f3cios (ao lado dos an\u00fancios institucionais)\" width=\"584\" height=\"377\" srcset=\"https:\/\/i0.wp.com\/www.zagaia.blog.br\/wp-content\/uploads\/2014\/10\/economia-hoje-3.jpg?resize=1024%2C662 1024w, https:\/\/i0.wp.com\/www.zagaia.blog.br\/wp-content\/uploads\/2014\/10\/economia-hoje-3.jpg?resize=300%2C194 300w, https:\/\/i0.wp.com\/www.zagaia.blog.br\/wp-content\/uploads\/2014\/10\/economia-hoje-3.jpg?resize=463%2C300 463w, https:\/\/i0.wp.com\/www.zagaia.blog.br\/wp-content\/uploads\/2014\/10\/economia-hoje-3.jpg?w=1466 1466w, https:\/\/i0.wp.com\/www.zagaia.blog.br\/wp-content\/uploads\/2014\/10\/economia-hoje-3.jpg?w=1280 1280w\" sizes=\"(max-width: 584px) 100vw, 584px\" data-recalc-dims=\"1\" \/><\/a><p id=\"caption-attachment-177\" class=\"wp-caption-text\">P\u00e1gina 8 do Caderno Economia &amp; Neg\u00f3cios (ao lado dos an\u00fancios institucionais)<\/p><\/div>\n<p>Como assim?<br \/>\nA Alemanha, esse modelo de tudo o que \u00e9 \u201crespons\u00e1vel\u201d na gest\u00e3o da pol\u00edtica econ\u00f4mica?<br \/>\nA Alemanha, a mestre em dizer: arrochem, arrochem, demitam, cortem gastos, austeridade fiscal \u00e9 a solu\u00e7\u00e3o.<br \/>\n\u00c9 mesmo?<br \/>\nTa\u00ed: arrocham, arrocham, cortam, demitem, cortam benef\u00edcios sociais, jogam gregos e espanh\u00f3is na mis\u00e9ria, for\u00e7am o abestado do Hollande a fazer a mesma coisa.<br \/>\nE a\u00ed est\u00e1 o resultado:<br \/>\nN\u00e3o \u00e9 \u201cproje\u00e7\u00e3o\u201d: 5,7% de queda na produ\u00e7\u00e3o industrial desde janeiro! Contra\u00e7\u00e3o de 4% s\u00f3 em agosto. Contra\u00e7\u00e3o de 0,2% do PIB no segundo trimestre e amea\u00e7a de entrar na recess\u00e3o pra valer at\u00e9 o final do ano.<br \/>\nComo, a Angela Merkel n\u00e3o \u00e9 a vers\u00e3o moderna, mais eficiente e durona que a Maggie Thatcher?<br \/>\nE o Sigmar Gabriel n\u00e3o \u00e9 um g\u00eanio que devia dar umas aulas para o Mantega?<\/p>\n<div id=\"attachment_178\" style=\"width: 767px\" class=\"wp-caption alignleft\"><a onclick=\"javascript:pageTracker._trackPageview('\/downloads\/wp-content\/uploads\/2014\/10\/sigmar-gabriel.jpg');\"  href=\"https:\/\/i0.wp.com\/www.zagaia.blog.br\/wp-content\/uploads\/2014\/10\/sigmar-gabriel.jpg\"><img aria-describedby=\"caption-attachment-178\" decoding=\"async\" loading=\"lazy\" class=\"size-full wp-image-178\" src=\"https:\/\/i0.wp.com\/www.zagaia.blog.br\/wp-content\/uploads\/2014\/10\/sigmar-gabriel.jpg?resize=640%2C360\" alt=\"Sigmar Gabriel, Ministro da Economia da Alemanha. A maior pot\u00eancia da Europa - maior aplicadora do arrocho - entra em recess\u00e3o\" width=\"640\" height=\"360\" srcset=\"https:\/\/i0.wp.com\/www.zagaia.blog.br\/wp-content\/uploads\/2014\/10\/sigmar-gabriel.jpg?w=757 757w, https:\/\/i0.wp.com\/www.zagaia.blog.br\/wp-content\/uploads\/2014\/10\/sigmar-gabriel.jpg?resize=300%2C168 300w, https:\/\/i0.wp.com\/www.zagaia.blog.br\/wp-content\/uploads\/2014\/10\/sigmar-gabriel.jpg?resize=500%2C281 500w\" sizes=\"(max-width: 640px) 100vw, 640px\" data-recalc-dims=\"1\" \/><\/a><p id=\"caption-attachment-178\" class=\"wp-caption-text\">Sigmar Gabriel, Ministro da Economia da Alemanha. A maior pot\u00eancia da Europa &#8211; maior aplicadora do arrocho &#8211; entra em recess\u00e3o<\/p><\/div>\n<div id=\"attachment_179\" style=\"width: 285px\" class=\"wp-caption alignleft\"><a href=\"http:\/\/www.zagaia.blog.br\/wp-content\/uploads\/2014\/10\/merkel.jpe\"><img aria-describedby=\"caption-attachment-179\" decoding=\"async\" loading=\"lazy\" class=\"size-full wp-image-179\" src=\"http:\/\/www.zagaia.blog.br\/wp-content\/uploads\/2014\/10\/merkel.jpe\" alt=\"Angela Merkel, a dama que era mais de ferro que a Thatcher - mas a recess\u00e3o n\u00e3o tem medo de cara feia. Chegou e se instalou. Tudo vai bem?\" width=\"275\" height=\"183\" \/><\/a><p id=\"caption-attachment-179\" class=\"wp-caption-text\">Angela Merkel, a dama que era mais de ferro que a Thatcher &#8211; mas a recess\u00e3o n\u00e3o tem medo de cara feia. Chegou e se instalou. Tudo vai bem?<\/p><\/div>\n<p>Mas existe uma gente triste.<\/p>\n<p>Colonizada.<\/p>\n<div id=\"attachment_180\" style=\"width: 320px\" class=\"wp-caption alignleft\"><a onclick=\"javascript:pageTracker._trackPageview('\/downloads\/wp-content\/uploads\/2014\/10\/aecio-neves-jpg_195624.jpg');\"  href=\"https:\/\/i0.wp.com\/www.zagaia.blog.br\/wp-content\/uploads\/2014\/10\/aecio-neves-jpg_195624.jpg\"><img aria-describedby=\"caption-attachment-180\" decoding=\"async\" loading=\"lazy\" class=\"size-full wp-image-180\" src=\"https:\/\/i0.wp.com\/www.zagaia.blog.br\/wp-content\/uploads\/2014\/10\/aecio-neves-jpg_195624.jpg?resize=310%2C207\" alt=\"A\u00e9cio, o ilustre membro da fam\u00edlia Neto. A oligarquia triste e de cara feia que quer levar o Brasil para o retrocesso.\" width=\"310\" height=\"207\" srcset=\"https:\/\/i0.wp.com\/www.zagaia.blog.br\/wp-content\/uploads\/2014\/10\/aecio-neves-jpg_195624.jpg?w=310 310w, https:\/\/i0.wp.com\/www.zagaia.blog.br\/wp-content\/uploads\/2014\/10\/aecio-neves-jpg_195624.jpg?resize=300%2C200 300w\" sizes=\"(max-width: 310px) 100vw, 310px\" data-recalc-dims=\"1\" \/><\/a><p id=\"caption-attachment-180\" class=\"wp-caption-text\">A\u00e9cio, o ilustre membro da fam\u00edlia Neto. A oligarquia triste e de cara feia que quer levar o Brasil para o retrocesso.<\/p><\/div>\n<div id=\"attachment_181\" style=\"width: 296px\" class=\"wp-caption alignleft\"><a href=\"http:\/\/www.zagaia.blog.br\/wp-content\/uploads\/2014\/10\/arm\u00ednio.jpe\"><img aria-describedby=\"caption-attachment-181\" decoding=\"async\" loading=\"lazy\" class=\" wp-image-181\" src=\"http:\/\/www.zagaia.blog.br\/wp-content\/uploads\/2014\/10\/arm\u00ednio.jpe\" alt=\"Arm\u00ednio Fraga - s\u00f3cio do mega-especulador Soros - que quer vender os bancos p\u00fablicos e diz que o sal\u00e1rio m\u00ednimo &quot;cresceu demais&quot;.\" width=\"286\" height=\"399\" \/><\/a><p id=\"caption-attachment-181\" class=\"wp-caption-text\">Arm\u00ednio Fraga &#8211; s\u00f3cio do mega-especulador Soros &#8211; que quer vender os bancos p\u00fablicos e diz que o sal\u00e1rio m\u00ednimo &#8220;cresceu demais&#8221;.<\/p><\/div>\n<p>Que gente triste, mesmo.<\/p>\n<p>Que se orgulha de ser colonizada.<\/p>\n<p>Express\u00e3o real da s\u00edndrome de vira-latas, a tal do contraditoriamente formid\u00e1vel Nelson Rodrigues.<br \/>\nO Estad\u00fanculo publica a mat\u00e9ria, l\u00e1 no fundo. S\u00f3 quem l\u00ea jornal com muita aten\u00e7\u00e3o e vai al\u00e9m das colunas sociais percebe o tamanho da encrenca em que a Europa est\u00e1 metida. E a\u00ed o Estad\u00fanculo pode dizer que \u201cnoticiou\u201d.<\/p>\n<p>De fato.<\/p>\n<p>E manipulou conscientemente, acrescento eu.<\/p>\n","protected":false},"excerpt":{"rendered":"<p>As manchetes dos jornais, diariamente, soltam o cantoch\u00e3o: no Brasil tudo est\u00e1 ruim, a Dilma \u00e9 incompetente, o Mantega um p\u00e2ndego, bom \u00e9 o A\u00e9cio e o Arm\u00ednio Fraga vai por ordem na esculhamba\u00e7\u00e3o. Bom, como sempre digo, a manipula\u00e7\u00e3o &hellip; <a href=\"http:\/\/www.zagaia.blog.br\/?p=174\">Continue lendo <span class=\"meta-nav\">&rarr;<\/span><\/a><\/p>\n","protected":false},"author":1,"featured_media":0,"comment_status":"open","ping_status":"open","sticky":false,"template":"","format":"standard","meta":{"jetpack_post_was_ever_published":false},"categories":[1],"tags":[77,76,78,75,79],"jetpack_featured_media_url":"","jetpack_shortlink":"https:\/\/wp.me\/p4Lc9A-2O","_links":{"self":[{"href":"http:\/\/www.zagaia.blog.br\/index.php?rest_route=\/wp\/v2\/posts\/174"}],"collection":[{"href":"http:\/\/www.zagaia.blog.br\/index.php?rest_route=\/wp\/v2\/posts"}],"about":[{"href":"http:\/\/www.zagaia.blog.br\/index.php?rest_route=\/wp\/v2\/types\/post"}],"author":[{"embeddable":true,"href":"http:\/\/www.zagaia.blog.br\/index.php?rest_route=\/wp\/v2\/users\/1"}],"replies":[{"embeddable":true,"href":"http:\/\/www.zagaia.blog.br\/index.php?rest_route=%2Fwp%2Fv2%2Fcomments&post=174"}],"version-history":[{"count":3,"href":"http:\/\/www.zagaia.blog.br\/index.php?rest_route=\/wp\/v2\/posts\/174\/revisions"}],"predecessor-version":[{"id":184,"href":"http:\/\/www.zagaia.blog.br\/index.php?rest_route=\/wp\/v2\/posts\/174\/revisions\/184"}],"wp:attachment":[{"href":"http:\/\/www.zagaia.blog.br\/index.php?rest_route=%2Fwp%2Fv2%2Fmedia&parent=174"}],"wp:term":[{"taxonomy":"category","embeddable":true,"href":"http:\/\/www.zagaia.blog.br\/index.php?rest_route=%2Fwp%2Fv2%2Fcategories&post=174"},{"taxonomy":"post_tag","embeddable":true,"href":"http:\/\/www.zagaia.blog.br\/index.php?rest_route=%2Fwp%2Fv2%2Ftags&post=174"}],"curies":[{"name":"wp","href":"https:\/\/api.w.org\/{rel}","templated":true}]}}